{"id":1152,"date":"2018-01-29T23:48:28","date_gmt":"2018-01-30T04:48:28","guid":{"rendered":"https:\/\/educar21.com\/inicio\/?p=1152"},"modified":"2019-05-04T07:58:39","modified_gmt":"2019-05-04T07:58:39","slug":"innovacion-educativa-5-reflexiones-aplicarla-aula","status":"publish","type":"post","link":"https:\/\/educar21.com\/inicio\/2018\/01\/29\/innovacion-educativa-5-reflexiones-aplicarla-aula\/","title":{"rendered":"Innovaci\u00f3n Educativa &#8211; 5 Reflexiones antes de Aplicarla en el Aula | Art\u00edculo"},"content":{"rendered":"<p>Hola:<\/p>\n<p>Compartimos un interesante art\u00edculo sobre \u00ab<strong>Innovaci\u00f3n Educativa &#8211; 5 Reflexiones antes de Aplicarla en el Aula<\/strong>\u00bb<\/p>\n<p>Un gran saludo.<\/p>\n<p><img loading=\"lazy\" decoding=\"async\" class=\"aligncenter wp-image-1854 size-full\" src=\"https:\/\/educar21.com\/inicio\/wp-content\/uploads\/2018\/01\/Innovaci\u00f3nEducativa5ReflexionesAntesAplicarlaAula-Infograf\u00eda-Educar21.png\" alt=\"innovaci\u00f3n educativa\" width=\"800\" height=\"1527\" srcset=\"https:\/\/educar21.com\/inicio\/wp-content\/uploads\/2018\/01\/Innovaci\u00f3nEducativa5ReflexionesAntesAplicarlaAula-Infograf\u00eda-Educar21.png 800w, https:\/\/educar21.com\/inicio\/wp-content\/uploads\/2018\/01\/Innovaci\u00f3nEducativa5ReflexionesAntesAplicarlaAula-Infograf\u00eda-Educar21-157x300.png 157w, https:\/\/educar21.com\/inicio\/wp-content\/uploads\/2018\/01\/Innovaci\u00f3nEducativa5ReflexionesAntesAplicarlaAula-Infograf\u00eda-Educar21-768x1466.png 768w, https:\/\/educar21.com\/inicio\/wp-content\/uploads\/2018\/01\/Innovaci\u00f3nEducativa5ReflexionesAntesAplicarlaAula-Infograf\u00eda-Educar21-536x1024.png 536w\" sizes=\"auto, (max-width: 800px) 100vw, 800px\" \/><\/p>\n<h4 style=\"text-align: center;\">DESCUBRE COMO PONER EN PR\u00c1CTICA LA INNOVACI\u00d3N EDUCATIVA CON ESTOS INCRE\u00cdBLES MATERIALES<\/h4>\n<h4 style=\"text-align: center;\"><a href=\"https:\/\/cuadrante21.educar21.com\/wp\/producto\/hoja-electronica-para-crear-objetivos-de-aprendizaje\/\" target=\"_blank\" rel=\"noopener noreferrer\">HOJA ELECTR\u00d3NICA PARA DISE\u00d1AR OBJETIVOS DE APRENDIZAJE<\/a><\/h4>\n<h4 style=\"text-align: center;\"><a href=\"https:\/\/cuadrante21.educar21.com\/wp\/producto\/kit-desarrollar-los-elementos-del-pensamiento-critico\/\" target=\"_blank\" rel=\"noopener noreferrer\">KIT PARA DESARROLLAR EL PENSAMIENTO CR\u00cdTICO<\/a><\/h4>\n<p><strong>Algunos apuntes:<\/strong><\/p>\n<ul>\n<li>La innovaci\u00f3n educativa es un acto deliberado y planificado de soluci\u00f3n de problemas, que apunta a lograr mayor calidad en los aprendizajes de los estudiantes, superando el paradigma tradicional. Implica trascender el conocimiento academicista y pasar del aprendizaje pasivo del estudiante a una concepci\u00f3n donde el aprendizaje es interacci\u00f3n y se construye entre todos. UNESCO (2014)<\/li>\n<li>El \u00fanico aut\u00e9ntico aprendizaje es el aprendizaje significativo, el aprendizaje con sentido. El sentido lo da la relaci\u00f3n del nuevo conocimiento con: conocimientos anteriores, con situaciones cotidianas, con la propia experiencia, con situaciones reales, etc. (Juan E. Le\u00f3n)<\/li>\n<li>Un aspecto importante de la innovaci\u00f3n es que al hacer del aprendizaje de las pr\u00e1cticas una constante sistematizaci\u00f3n (Mej\u00eda,2010), convierte al sujeto de ellas en un creador y productor de saber, quien reorienta y orienta su quehacer.<\/li>\n<li>La integraci\u00f3n de las llamadas Habilidades y Competencias del Siglo XXI a la planificaci\u00f3n de las clases y las evaluaciones diarias puede marcar la diferencia en la integraci\u00f3n de nuestros estudiantes a la vida y el mundo del trabajo que les tocar\u00e1 vivir. (Educarchile,2013)<\/li>\n<li>La evaluaci\u00f3n es una reflexi\u00f3n, un control de calidad sobre lo que se hace. Es decir, el profesor justifica su funci\u00f3n en la medida que acredita resultados -\u00f3ptimos, por supuesto- de sus estudiantes. Por tanto, la evaluaci\u00f3n del proceso ense\u00f1anza aprendizaje es ante todo, una pr\u00e1ctica reflexiva propia del docente. (Gonz\u00e1les y P\u00e9rez, 2010)<\/li>\n<li>Es m\u00e1s imprescindible la motivaci\u00f3n del docente que la del alumno. Porque el docente es un generador de emociones y din\u00e1micas. Un docente motivado es una pieza fundamental en las reglas de la ense\u00f1anza. Si el maestro se emociona podemos emocionar a nuestros alumnos a trav\u00e9s de la curiosidad. Es imposible ense\u00f1ar si un alumno no quiere aprender. La transformaci\u00f3n consiste, por tanto, en saber c\u00f3mo quiere aprender el alumno. (S\u00e1enz, 2016)<\/li>\n<\/ul>\n<p><strong>Te recomendamos revisar tambi\u00e9n:<\/strong><\/p>\n<ol>\n<li><a href=\"https:\/\/gesvin.wordpress.com\/2016\/02\/05\/innovacion-en-el-aula-diseno-y-desarrollo-curricular-ebook\/\" target=\"_blank\" rel=\"noopener noreferrer\">Innovaci\u00f3n en el Aula \u2013 Dise\u00f1o y Desarrollo Curricular<\/a><\/li>\n<li><a href=\"https:\/\/gesvin.wordpress.com\/2015\/11\/10\/142-buenas-practicas-de-innovacion-educativa-ebook\/\" target=\"_blank\" rel=\"noopener noreferrer\">142 Buenas Pr\u00e1cticas de Innovaci\u00f3n Educativa<\/a><\/li>\n<li><a href=\"https:\/\/gesvin.wordpress.com\/2015\/03\/01\/top-100-proyectos-altamente-innovadores-para-la-educacion-informe\/\" target=\"_blank\" rel=\"noopener noreferrer\">Top 100 Proyectos Altamente Innovadores para la Educaci\u00f3n<\/a><\/li>\n<li><a href=\"https:\/\/gesvin.wordpress.com\/2015\/09\/26\/profesor-innovador-10-tips-para-tener-en-cuenta-articulo\/\" target=\"_blank\" rel=\"noopener noreferrer\">Profesor Innovador \u2013 10 Tips para Tener en Cuenta<\/a><\/li>\n<li><a href=\"https:\/\/gesvin.wordpress.com\/2015\/03\/31\/radiografia-de-un-profesor-innovador-infografia\/\" target=\"_blank\" rel=\"noopener noreferrer\">Radiograf\u00eda de un Profesor Innovador<\/a><\/li>\n<\/ol>\n<p><strong>Aproveche las mejores OFERTAS en materiales educativos<\/strong><\/p>\n<ol>\n<li><a href=\"https:\/\/cuadrante21.educar21.com\/wp\/producto\/kit-para-formular-preguntas-generadoras\/\" target=\"_blank\" rel=\"noopener noreferrer\">Kit para Formular Preguntas Generadoras <\/a><span style=\"color: #ff0000;\"><strong><em>(Nuevo)<\/em><\/strong><\/span><\/li>\n<li><a href=\"https:\/\/cuadrante21.educar21.com\/wp\/producto\/hoja-electronica-para-crear-objetivos-de-aprendizaje\/\" target=\"_blank\" rel=\"noopener noreferrer\">Hoja Electr\u00f3nica para Crear Objetivos de Aprendizaje<\/a><\/li>\n<li><a href=\"https:\/\/cuadrante21.educar21.com\/wp\/producto\/kit-para-redactar-objetivos-de-aprendizaje\/\" target=\"_blank\" rel=\"noopener noreferrer\">Kit para Redactar Objetivos de Aprendizaje<\/a><\/li>\n<li><a href=\"https:\/\/cuadrante21.educar21.com\/wp\/producto\/kit-para-formular-competencias-imprimibles\/\" target=\"_blank\" rel=\"noopener noreferrer\">Kit para Formular Competencias<\/a><\/li>\n<li><a href=\"https:\/\/cuadrante21.educar21.com\/wp\/producto\/kit-desarrollar-los-elementos-del-pensamiento-critico\/\" target=\"_blank\" rel=\"noopener noreferrer\">Kit para Desarrollar el Pensamiento Cr\u00edtico<\/a><\/li>\n<li><a href=\"https:\/\/cuadrante21.educar21.com\/wp\/producto\/trucos-para-lograr-la-atencion-de-los-alumnos\/\" target=\"_blank\" rel=\"noopener noreferrer\">13 Efectivos Trucos para Lograr la Atenci\u00f3n de los Alumnos<\/a><\/li>\n<\/ol>\n<p><strong>M\u00e1s materiales:<\/strong> <a href=\"https:\/\/cuadrante21.educar21.com\/wp\/tienda\/\" target=\"_blank\" rel=\"noopener noreferrer\">AQU\u00cd<\/a><\/p>\n","protected":false},"excerpt":{"rendered":"<p>Hola: Compartimos un interesante art\u00edculo sobre \u00abInnovaci\u00f3n Educativa &#8211; 5 Reflexiones antes de Aplicarla en el Aula\u00bb Un gran saludo. DESCUBRE COMO PONER EN PR\u00c1CTICA LA INNOVACI\u00d3N EDUCATIVA CON ESTOS INCRE\u00cdBLES MATERIALES HOJA ELECTR\u00d3NICA PARA DISE\u00d1AR OBJETIVOS DE APRENDIZAJE KIT PARA DESARROLLAR EL PENSAMIENTO CR\u00cdTICO Algunos apuntes: La innovaci\u00f3n educativa [&hellip;]<\/p>\n","protected":false},"author":1,"featured_media":0,"comment_status":"open","ping_status":"open","sticky":false,"template":"","format":"standard","meta":{"_themeisle_gutenberg_block_has_review":false,"spay_email":"","footnotes":"","jetpack_publicize_message":"","jetpack_is_tweetstorm":false,"jetpack_publicize_feature_enabled":true},"categories":[24],"tags":[36,13,26,27,46,15,44],"class_list":["post-1152","post","type-post","status-publish","format-standard","hentry","category-desafios-educativos-del-siglo-xxi","tag-desafios-educativos","tag-desafios-educativos-del-siglo-xxi","tag-educacion","tag-educacion-del-siglo-xxi","tag-estrategias-de-ensenanza-aprendizaje","tag-innovacion-educativa","tag-tecnologia-educativa"],"yoast_head":"<!-- This site is optimized with the Yoast SEO plugin v23.5 - https:\/\/yoast.com\/wordpress\/plugins\/seo\/ -->\n<title>Innovaci\u00f3n Educativa - 5 Reflexiones antes de Aplicarla en el Aula | Art\u00edculo -<\/title>\n<meta name=\"description\" content=\"La innovaci\u00f3n educativa es un acto deliberado y planificado de soluci\u00f3n de problemas, que apunta a lograr mayor calidad en los aprendizajes de los estudiantes, superando el paradigma tradicional. La transformaci\u00f3n consiste, por tanto, en saber c\u00f3mo quiere aprender el alumno.\" \/>\n<meta name=\"robots\" content=\"index, follow, max-snippet:-1, max-image-preview:large, max-video-preview:-1\" \/>\n<link rel=\"canonical\" href=\"https:\/\/educar21.com\/inicio\/2018\/01\/29\/innovacion-educativa-5-reflexiones-aplicarla-aula\/\" \/>\n<meta property=\"og:locale\" content=\"es_ES\" \/>\n<meta property=\"og:type\" content=\"article\" \/>\n<meta property=\"og:title\" content=\"Innovaci\u00f3n Educativa - 5 Reflexiones antes de Aplicarla en el Aula | Art\u00edculo -\" \/>\n<meta property=\"og:description\" content=\"La innovaci\u00f3n educativa es un acto deliberado y planificado de soluci\u00f3n de problemas, que apunta a lograr mayor calidad en los aprendizajes de los estudiantes, superando el paradigma tradicional. La transformaci\u00f3n consiste, por tanto, en saber c\u00f3mo quiere aprender el alumno.\" \/>\n<meta property=\"og:url\" content=\"https:\/\/educar21.com\/inicio\/2018\/01\/29\/innovacion-educativa-5-reflexiones-aplicarla-aula\/\" \/>\n<meta property=\"article:published_time\" content=\"2018-01-30T04:48:28+00:00\" \/>\n<meta property=\"article:modified_time\" content=\"2019-05-04T07:58:39+00:00\" \/>\n<meta name=\"author\" content=\"Gesvin Romero\" \/>\n<meta name=\"twitter:card\" content=\"summary_large_image\" \/>\n<meta name=\"twitter:label1\" content=\"Escrito por\" \/>\n\t<meta name=\"twitter:data1\" content=\"Gesvin Romero\" \/>\n\t<meta name=\"twitter:label2\" content=\"Tiempo de lectura\" \/>\n\t<meta name=\"twitter:data2\" content=\"2 minutos\" \/>\n<script type=\"application\/ld+json\" class=\"yoast-schema-graph\">{\"@context\":\"https:\/\/schema.org\",\"@graph\":[{\"@type\":\"WebPage\",\"@id\":\"https:\/\/educar21.com\/inicio\/2018\/01\/29\/innovacion-educativa-5-reflexiones-aplicarla-aula\/\",\"url\":\"https:\/\/educar21.com\/inicio\/2018\/01\/29\/innovacion-educativa-5-reflexiones-aplicarla-aula\/\",\"name\":\"Innovaci\u00f3n Educativa - 5 Reflexiones antes de Aplicarla en el Aula | Art\u00edculo -\",\"isPartOf\":{\"@id\":\"https:\/\/educar21.com\/inicio\/#website\"},\"datePublished\":\"2018-01-30T04:48:28+00:00\",\"dateModified\":\"2019-05-04T07:58:39+00:00\",\"author\":{\"@id\":\"https:\/\/educar21.com\/inicio\/#\/schema\/person\/c29b3c1ec7b7e4678c7ae9f12e894c6d\"},\"description\":\"La innovaci\u00f3n educativa es un acto deliberado y planificado de soluci\u00f3n de problemas, que apunta a lograr mayor calidad en los aprendizajes de los estudiantes, superando el paradigma tradicional. La transformaci\u00f3n consiste, por tanto, en saber c\u00f3mo quiere aprender el alumno.\",\"breadcrumb\":{\"@id\":\"https:\/\/educar21.com\/inicio\/2018\/01\/29\/innovacion-educativa-5-reflexiones-aplicarla-aula\/#breadcrumb\"},\"inLanguage\":\"es\",\"potentialAction\":[{\"@type\":\"ReadAction\",\"target\":[\"https:\/\/educar21.com\/inicio\/2018\/01\/29\/innovacion-educativa-5-reflexiones-aplicarla-aula\/\"]}]},{\"@type\":\"BreadcrumbList\",\"@id\":\"https:\/\/educar21.com\/inicio\/2018\/01\/29\/innovacion-educativa-5-reflexiones-aplicarla-aula\/#breadcrumb\",\"itemListElement\":[{\"@type\":\"ListItem\",\"position\":1,\"name\":\"Portada\",\"item\":\"https:\/\/educar21.com\/inicio\/\"},{\"@type\":\"ListItem\",\"position\":2,\"name\":\"Innovaci\u00f3n Educativa &#8211; 5 Reflexiones antes de Aplicarla en el Aula | Art\u00edculo\"}]},{\"@type\":\"WebSite\",\"@id\":\"https:\/\/educar21.com\/inicio\/#website\",\"url\":\"https:\/\/educar21.com\/inicio\/\",\"name\":\"\",\"description\":\"Transformamos la Educaci\u00f3n\",\"potentialAction\":[{\"@type\":\"SearchAction\",\"target\":{\"@type\":\"EntryPoint\",\"urlTemplate\":\"https:\/\/educar21.com\/inicio\/?s={search_term_string}\"},\"query-input\":{\"@type\":\"PropertyValueSpecification\",\"valueRequired\":true,\"valueName\":\"search_term_string\"}}],\"inLanguage\":\"es\"},{\"@type\":\"Person\",\"@id\":\"https:\/\/educar21.com\/inicio\/#\/schema\/person\/c29b3c1ec7b7e4678c7ae9f12e894c6d\",\"name\":\"Gesvin Romero\",\"image\":{\"@type\":\"ImageObject\",\"inLanguage\":\"es\",\"@id\":\"https:\/\/educar21.com\/inicio\/#\/schema\/person\/image\/\",\"url\":\"https:\/\/secure.gravatar.com\/avatar\/18d8233f18b7fc66b0a747262c12c0cf82a5915d51b9f54e19d920cc89e52f87?s=96&d=mm&r=g\",\"contentUrl\":\"https:\/\/secure.gravatar.com\/avatar\/18d8233f18b7fc66b0a747262c12c0cf82a5915d51b9f54e19d920cc89e52f87?s=96&d=mm&r=g\",\"caption\":\"Gesvin Romero\"},\"url\":\"https:\/\/educar21.com\/inicio\/author\/gesvin\/\"}]}<\/script>\n<!-- \/ Yoast SEO plugin. -->","yoast_head_json":{"title":"Innovaci\u00f3n Educativa - 5 Reflexiones antes de Aplicarla en el Aula | Art\u00edculo -","description":"La innovaci\u00f3n educativa es un acto deliberado y planificado de soluci\u00f3n de problemas, que apunta a lograr mayor calidad en los aprendizajes de los estudiantes, superando el paradigma tradicional. La transformaci\u00f3n consiste, por tanto, en saber c\u00f3mo quiere aprender el alumno.","robots":{"index":"index","follow":"follow","max-snippet":"max-snippet:-1","max-image-preview":"max-image-preview:large","max-video-preview":"max-video-preview:-1"},"canonical":"https:\/\/educar21.com\/inicio\/2018\/01\/29\/innovacion-educativa-5-reflexiones-aplicarla-aula\/","og_locale":"es_ES","og_type":"article","og_title":"Innovaci\u00f3n Educativa - 5 Reflexiones antes de Aplicarla en el Aula | Art\u00edculo -","og_description":"La innovaci\u00f3n educativa es un acto deliberado y planificado de soluci\u00f3n de problemas, que apunta a lograr mayor calidad en los aprendizajes de los estudiantes, superando el paradigma tradicional. La transformaci\u00f3n consiste, por tanto, en saber c\u00f3mo quiere aprender el alumno.","og_url":"https:\/\/educar21.com\/inicio\/2018\/01\/29\/innovacion-educativa-5-reflexiones-aplicarla-aula\/","article_published_time":"2018-01-30T04:48:28+00:00","article_modified_time":"2019-05-04T07:58:39+00:00","author":"Gesvin Romero","twitter_card":"summary_large_image","twitter_misc":{"Escrito por":"Gesvin Romero","Tiempo de lectura":"2 minutos"},"schema":{"@context":"https:\/\/schema.org","@graph":[{"@type":"WebPage","@id":"https:\/\/educar21.com\/inicio\/2018\/01\/29\/innovacion-educativa-5-reflexiones-aplicarla-aula\/","url":"https:\/\/educar21.com\/inicio\/2018\/01\/29\/innovacion-educativa-5-reflexiones-aplicarla-aula\/","name":"Innovaci\u00f3n Educativa - 5 Reflexiones antes de Aplicarla en el Aula | Art\u00edculo -","isPartOf":{"@id":"https:\/\/educar21.com\/inicio\/#website"},"datePublished":"2018-01-30T04:48:28+00:00","dateModified":"2019-05-04T07:58:39+00:00","author":{"@id":"https:\/\/educar21.com\/inicio\/#\/schema\/person\/c29b3c1ec7b7e4678c7ae9f12e894c6d"},"description":"La innovaci\u00f3n educativa es un acto deliberado y planificado de soluci\u00f3n de problemas, que apunta a lograr mayor calidad en los aprendizajes de los estudiantes, superando el paradigma tradicional. La transformaci\u00f3n consiste, por tanto, en saber c\u00f3mo quiere aprender el alumno.","breadcrumb":{"@id":"https:\/\/educar21.com\/inicio\/2018\/01\/29\/innovacion-educativa-5-reflexiones-aplicarla-aula\/#breadcrumb"},"inLanguage":"es","potentialAction":[{"@type":"ReadAction","target":["https:\/\/educar21.com\/inicio\/2018\/01\/29\/innovacion-educativa-5-reflexiones-aplicarla-aula\/"]}]},{"@type":"BreadcrumbList","@id":"https:\/\/educar21.com\/inicio\/2018\/01\/29\/innovacion-educativa-5-reflexiones-aplicarla-aula\/#breadcrumb","itemListElement":[{"@type":"ListItem","position":1,"name":"Portada","item":"https:\/\/educar21.com\/inicio\/"},{"@type":"ListItem","position":2,"name":"Innovaci\u00f3n Educativa &#8211; 5 Reflexiones antes de Aplicarla en el Aula | Art\u00edculo"}]},{"@type":"WebSite","@id":"https:\/\/educar21.com\/inicio\/#website","url":"https:\/\/educar21.com\/inicio\/","name":"","description":"Transformamos la Educaci\u00f3n","potentialAction":[{"@type":"SearchAction","target":{"@type":"EntryPoint","urlTemplate":"https:\/\/educar21.com\/inicio\/?s={search_term_string}"},"query-input":{"@type":"PropertyValueSpecification","valueRequired":true,"valueName":"search_term_string"}}],"inLanguage":"es"},{"@type":"Person","@id":"https:\/\/educar21.com\/inicio\/#\/schema\/person\/c29b3c1ec7b7e4678c7ae9f12e894c6d","name":"Gesvin Romero","image":{"@type":"ImageObject","inLanguage":"es","@id":"https:\/\/educar21.com\/inicio\/#\/schema\/person\/image\/","url":"https:\/\/secure.gravatar.com\/avatar\/18d8233f18b7fc66b0a747262c12c0cf82a5915d51b9f54e19d920cc89e52f87?s=96&d=mm&r=g","contentUrl":"https:\/\/secure.gravatar.com\/avatar\/18d8233f18b7fc66b0a747262c12c0cf82a5915d51b9f54e19d920cc89e52f87?s=96&d=mm&r=g","caption":"Gesvin Romero"},"url":"https:\/\/educar21.com\/inicio\/author\/gesvin\/"}]}},"jetpack_featured_media_url":"","jetpack_publicize_connections":[],"jetpack_sharing_enabled":true,"jetpack_shortlink":"https:\/\/wp.me\/p7nnUF-iA","jetpack_likes_enabled":true,"_links":{"self":[{"href":"https:\/\/educar21.com\/inicio\/wp-json\/wp\/v2\/posts\/1152","targetHints":{"allow":["GET"]}}],"collection":[{"href":"https:\/\/educar21.com\/inicio\/wp-json\/wp\/v2\/posts"}],"about":[{"href":"https:\/\/educar21.com\/inicio\/wp-json\/wp\/v2\/types\/post"}],"author":[{"embeddable":true,"href":"https:\/\/educar21.com\/inicio\/wp-json\/wp\/v2\/users\/1"}],"replies":[{"embeddable":true,"href":"https:\/\/educar21.com\/inicio\/wp-json\/wp\/v2\/comments?post=1152"}],"version-history":[{"count":1,"href":"https:\/\/educar21.com\/inicio\/wp-json\/wp\/v2\/posts\/1152\/revisions"}],"predecessor-version":[{"id":1855,"href":"https:\/\/educar21.com\/inicio\/wp-json\/wp\/v2\/posts\/1152\/revisions\/1855"}],"wp:attachment":[{"href":"https:\/\/educar21.com\/inicio\/wp-json\/wp\/v2\/media?parent=1152"}],"wp:term":[{"taxonomy":"category","embeddable":true,"href":"https:\/\/educar21.com\/inicio\/wp-json\/wp\/v2\/categories?post=1152"},{"taxonomy":"post_tag","embeddable":true,"href":"https:\/\/educar21.com\/inicio\/wp-json\/wp\/v2\/tags?post=1152"}],"curies":[{"name":"wp","href":"https:\/\/api.w.org\/{rel}","templated":true}]}}