{"id":149,"date":"2016-03-23T18:14:06","date_gmt":"2016-03-23T18:14:06","guid":{"rendered":"http:\/\/educar21.com\/inicio\/?p=48"},"modified":"2019-05-04T11:34:31","modified_gmt":"2019-05-04T11:34:31","slug":"8-competencias-educativas-del-siglo-xxi-infografia","status":"publish","type":"post","link":"https:\/\/educar21.com\/inicio\/2016\/03\/23\/8-competencias-educativas-del-siglo-xxi-infografia\/","title":{"rendered":"8 Competencias Educativas del Siglo XXI | Infograf\u00eda"},"content":{"rendered":"<p>Hola:<\/p>\n<p>Compartimos una interesante infograf\u00eda sobre \u00ab<strong>8 Competencias Educativas del Siglo XXI<\/strong>\u00bb<\/p>\n<p>Un gran saludo.<\/p>\n<p><img loading=\"lazy\" decoding=\"async\" class=\"aligncenter wp-image-1900 size-full\" src=\"https:\/\/educar21.com\/inicio\/wp-content\/uploads\/2016\/03\/8CompetenciasEducativasSigloXXI-Infograf\u00eda-Educar21.png\" alt=\"Competencias Educativas del Siglo XXI\" width=\"800\" height=\"1352\" srcset=\"https:\/\/educar21.com\/inicio\/wp-content\/uploads\/2016\/03\/8CompetenciasEducativasSigloXXI-Infograf\u00eda-Educar21.png 800w, https:\/\/educar21.com\/inicio\/wp-content\/uploads\/2016\/03\/8CompetenciasEducativasSigloXXI-Infograf\u00eda-Educar21-178x300.png 178w, https:\/\/educar21.com\/inicio\/wp-content\/uploads\/2016\/03\/8CompetenciasEducativasSigloXXI-Infograf\u00eda-Educar21-768x1298.png 768w, https:\/\/educar21.com\/inicio\/wp-content\/uploads\/2016\/03\/8CompetenciasEducativasSigloXXI-Infograf\u00eda-Educar21-606x1024.png 606w\" sizes=\"auto, (max-width: 800px) 100vw, 800px\" \/><\/p>\n<h4 style=\"text-align: center;\">DESCUBRE C\u00d3MO PONERLO EN PR\u00c1CTICA CON ESTOS INCRE\u00cdBLES MATERIALES<\/h4>\n<h4 style=\"text-align: center;\"><a href=\"https:\/\/cuadrante21.educar21.com\/wp\/producto\/actividades-mejorar-pensamiento-critico-creativo\/\" target=\"_blank\" rel=\"noopener noreferrer\">12 Divertidas Actividades para Mejorar el Pensamiento Cr\u00edtico y Creativo<\/a><\/h4>\n<h4 style=\"text-align: center;\"><a href=\"https:\/\/cuadrante21.educar21.com\/wp\/producto\/10-formas-de-organizar-el-aula\/\" target=\"_blank\" rel=\"noopener noreferrer\">10 Formas de Organizar el Aula para el Aprendizaje Activo<\/a><\/h4>\n<h4 style=\"text-align: center;\"><a href=\"https:\/\/cuadrante21.educar21.com\/wp\/producto\/el-reloj-de-la-amistad\/\" target=\"_blank\" rel=\"noopener noreferrer\">El Reloj de la Amistad &#8211; Una Divertida Herramienta para Formar Parejas de Estudio en el Aula<\/a><\/h4>\n<p><strong>Apuntes:<\/strong><\/p>\n<ul>\n<li>Las iniciativas para la ense\u00f1anza y \u00a0evaluaci\u00f3n de las habilidades del siglo XXI tienen su origen en la idea compartida que\u00a0 este\u00a0 siglo demanda nuevas habilidades que capaciten a los nuevos ciudadanos para realizar un trabajo efectivo, tanto en el \u00e1mbito social como en su tiempo de ocio (Dede, 2007;\u00a0 Kalantzis\u00a0 y\u00a0 Cope,\u00a0 2008).<\/li>\n<li>En 1997, la OCDE proporcion\u00f3 un marco para guiar a largo plazo el desarrollo de evaluaciones de estas nuevas competencias, aglutin\u00e1ndolas en tres grupos clave: i) <em>Uso interactivo de las herramientas,<\/em> ii) <em>Interacci\u00f3n entre grupos heterog\u00e9neos<\/em> y iii) <em>Actuar de forma aut\u00f3noma<\/em>.<\/li>\n<li>Asimismo, la OCDE propuso una tipolog\u00eda para pensar los distintos tipos de habilidades, en especial para distinguir de aquellos que est\u00e9n estrechamente vinculados con las TIC de los que no. La tipolog\u00eda contempla: i) <em>Habilidades funcionales TIC<\/em> (la cuales incluyen habilidades relevantes para un buen uso de las diferentes aplicaciones); ii) <em>Habilidades TIC para aprender<\/em> (que incluyen habilidades que combinan las actividades cognitivas y de orden superior con habilidades funcionales para el uso y manejo de estas aplicaciones; iii) <em>Habilidades propias del siglo XXI<\/em> (necesarias para la sociedad del conocimiento donde el uso de las TIC no es una condici\u00f3n necesaria).<\/li>\n<\/ul>\n<p><strong>Tambi\u00e9n le puede interesar:<\/strong><\/p>\n<ol>\n<li><span class=\"item-title\"><a href=\"https:\/\/gesvin.wordpress.com\/2016\/02\/22\/aulas-del-siglo-xxi-retos-educativos-ebook\/\" target=\"_blank\" rel=\"noopener noreferrer\">Aulas del Siglo XXI \u2013 Retos Educativos<\/a><\/span><\/li>\n<li><span class=\"item-title\"><a href=\"https:\/\/gesvin.wordpress.com\/2016\/01\/19\/experiencias-educativas-en-el-aula-del-siglo-xxi-ebook\/\" target=\"_blank\" rel=\"noopener noreferrer\">Experiencias Educativas en el Aula del Siglo XXI<\/a><\/span><\/li>\n<li><a href=\"https:\/\/gesvin.wordpress.com\/2015\/10\/05\/como-evaluar-competencias-en-el-siglo-xxi-presentacion\/\" target=\"_blank\" rel=\"noopener noreferrer\"><span class=\"item-title\">C\u00f3mo Evaluar Competencias en el Siglo XXI<\/span><\/a><\/li>\n<li><span class=\"item-title\"><a href=\"https:\/\/gesvin.wordpress.com\/2015\/08\/14\/aprendices-del-siglo-xxi-desafios-del-nuevo-milenio-presentacion\/\" target=\"_blank\" rel=\"noopener noreferrer\">Aprendices del Siglo XXI \u2013 Desaf\u00edos del Nuevo Milenio<\/a><\/span><\/li>\n<li><a href=\"https:\/\/gesvin.wordpress.com\/2015\/05\/04\/teorias-de-aprendizaje-y-visiones-pedagogicas-del-siglo-xxi-presentacion\/\" target=\"_blank\" rel=\"noopener noreferrer\"><span class=\"item-title\">Teor\u00edas de Aprendizaje y Visiones Pedag\u00f3gicas del Siglo XXI<\/span><\/a><\/li>\n<\/ol>\n<p><strong>Aproveche las mejores OFERTAS en materiales educativos<\/strong><\/p>\n<ol>\n<li><a href=\"https:\/\/cuadrante21.educar21.com\/wp\/producto\/kit-para-formular-preguntas-generadoras\/\" target=\"_blank\" rel=\"noopener noreferrer\">Kit para Formular Preguntas Generadoras <\/a><span style=\"color: #ff0000;\"><strong><em>(Nuevo)<\/em><\/strong><\/span><\/li>\n<li><a href=\"https:\/\/cuadrante21.educar21.com\/wp\/producto\/hoja-electronica-para-crear-objetivos-de-aprendizaje\/\" target=\"_blank\" rel=\"noopener noreferrer\">Hoja Electr\u00f3nica para Crear Objetivos de Aprendizaje<\/a><\/li>\n<li><a href=\"https:\/\/cuadrante21.educar21.com\/wp\/producto\/kit-para-redactar-objetivos-de-aprendizaje\/\" target=\"_blank\" rel=\"noopener noreferrer\">Kit para Redactar Objetivos de Aprendizaje<\/a><\/li>\n<li><a href=\"https:\/\/cuadrante21.educar21.com\/wp\/producto\/kit-para-formular-competencias-imprimibles\/\" target=\"_blank\" rel=\"noopener noreferrer\">Kit para Formular Competencias<\/a><\/li>\n<li><a href=\"https:\/\/cuadrante21.educar21.com\/wp\/producto\/kit-desarrollar-los-elementos-del-pensamiento-critico\/\" target=\"_blank\" rel=\"noopener noreferrer\">Kit para Desarrollar el Pensamiento Cr\u00edtico<\/a><\/li>\n<li><a href=\"https:\/\/cuadrante21.educar21.com\/wp\/producto\/trucos-para-lograr-la-atencion-de-los-alumnos\/\" target=\"_blank\" rel=\"noopener noreferrer\">13 Efectivos Trucos para Lograr la Atenci\u00f3n de los Alumnos<\/a><\/li>\n<\/ol>\n<p><strong>M\u00e1s materiales:<\/strong> <a href=\"https:\/\/cuadrante21.educar21.com\/wp\/tienda\/\" target=\"_blank\" rel=\"noopener noreferrer\">AQU\u00cd<\/a><\/p>\n<p><span style=\"border-radius: 2px; text-indent: 20px; width: auto; padding: 0px 4px 0px 0px; text-align: center; font: bold 11px\/20px 'Helvetica Neue',Helvetica,sans-serif; color: #ffffff; background: #bd081c  no-repeat scroll 3px 50% \/ 14px 14px; position: absolute; opacity: 1; z-index: 8675309; display: none; cursor: pointer; top: 140px; left: 20px;\">Guardar<\/span><\/p>\n","protected":false},"excerpt":{"rendered":"<p>Hola: Compartimos una interesante infograf\u00eda sobre \u00ab8 Competencias Educativas del Siglo XXI\u00bb Un gran saludo. DESCUBRE C\u00d3MO PONERLO EN PR\u00c1CTICA CON ESTOS INCRE\u00cdBLES MATERIALES 12 Divertidas Actividades para Mejorar el Pensamiento Cr\u00edtico y Creativo 10 Formas de Organizar el Aula para el Aprendizaje Activo El Reloj de la Amistad &#8211; [&hellip;]<\/p>\n","protected":false},"author":1,"featured_media":0,"comment_status":"open","ping_status":"open","sticky":false,"template":"","format":"standard","meta":{"_themeisle_gutenberg_block_has_review":false,"spay_email":"","footnotes":"","jetpack_publicize_message":"","jetpack_is_tweetstorm":false,"jetpack_publicize_feature_enabled":true},"categories":[24],"tags":[31,32,33,34,35,36,27,15,37,38,39,40,41],"class_list":["post-149","post","type-post","status-publish","format-standard","hentry","category-desafios-educativos-del-siglo-xxi","tag-colaboracion","tag-competencias-educativas","tag-competencias-educativas-del-siglo-xxi","tag-comunicacion","tag-creatividad","tag-desafios-educativos","tag-educacion-del-siglo-xxi","tag-innovacion-educativa","tag-pensamiento-critico","tag-presentacion","tag-productividad","tag-reflexion-y-feed-back","tag-socializacion-en-red"],"yoast_head":"<!-- This site is optimized with the Yoast SEO plugin v23.5 - https:\/\/yoast.com\/wordpress\/plugins\/seo\/ -->\n<title>8 Competencias Educativas del Siglo XXI | Infograf\u00eda -<\/title>\n<meta name=\"description\" content=\"Las competencias educativas del siglo XXI orientan a los educadores sobre los objetivos formativos necesarios para enfrentar la sociedad del conocimiento.\" \/>\n<meta name=\"robots\" content=\"index, follow, max-snippet:-1, max-image-preview:large, max-video-preview:-1\" \/>\n<link rel=\"canonical\" href=\"https:\/\/educar21.com\/inicio\/2016\/03\/23\/8-competencias-educativas-del-siglo-xxi-infografia\/\" \/>\n<meta property=\"og:locale\" content=\"es_ES\" \/>\n<meta property=\"og:type\" content=\"article\" \/>\n<meta property=\"og:title\" content=\"8 Competencias Educativas del Siglo XXI | Infograf\u00eda -\" \/>\n<meta property=\"og:description\" content=\"Las competencias educativas del siglo XXI orientan a los educadores sobre los objetivos formativos necesarios para enfrentar la sociedad del conocimiento.\" \/>\n<meta property=\"og:url\" content=\"https:\/\/educar21.com\/inicio\/2016\/03\/23\/8-competencias-educativas-del-siglo-xxi-infografia\/\" \/>\n<meta property=\"article:published_time\" content=\"2016-03-23T18:14:06+00:00\" \/>\n<meta property=\"article:modified_time\" content=\"2019-05-04T11:34:31+00:00\" \/>\n<meta name=\"author\" content=\"Gesvin Romero\" \/>\n<meta name=\"twitter:card\" content=\"summary_large_image\" \/>\n<meta name=\"twitter:label1\" content=\"Escrito por\" \/>\n\t<meta name=\"twitter:data1\" content=\"Gesvin Romero\" \/>\n\t<meta name=\"twitter:label2\" content=\"Tiempo de lectura\" \/>\n\t<meta name=\"twitter:data2\" content=\"2 minutos\" \/>\n<script type=\"application\/ld+json\" class=\"yoast-schema-graph\">{\"@context\":\"https:\/\/schema.org\",\"@graph\":[{\"@type\":\"WebPage\",\"@id\":\"https:\/\/educar21.com\/inicio\/2016\/03\/23\/8-competencias-educativas-del-siglo-xxi-infografia\/\",\"url\":\"https:\/\/educar21.com\/inicio\/2016\/03\/23\/8-competencias-educativas-del-siglo-xxi-infografia\/\",\"name\":\"8 Competencias Educativas del Siglo XXI | Infograf\u00eda -\",\"isPartOf\":{\"@id\":\"https:\/\/educar21.com\/inicio\/#website\"},\"datePublished\":\"2016-03-23T18:14:06+00:00\",\"dateModified\":\"2019-05-04T11:34:31+00:00\",\"author\":{\"@id\":\"https:\/\/educar21.com\/inicio\/#\/schema\/person\/c29b3c1ec7b7e4678c7ae9f12e894c6d\"},\"description\":\"Las competencias educativas del siglo XXI orientan a los educadores sobre los objetivos formativos necesarios para enfrentar la sociedad del conocimiento.\",\"breadcrumb\":{\"@id\":\"https:\/\/educar21.com\/inicio\/2016\/03\/23\/8-competencias-educativas-del-siglo-xxi-infografia\/#breadcrumb\"},\"inLanguage\":\"es\",\"potentialAction\":[{\"@type\":\"ReadAction\",\"target\":[\"https:\/\/educar21.com\/inicio\/2016\/03\/23\/8-competencias-educativas-del-siglo-xxi-infografia\/\"]}]},{\"@type\":\"BreadcrumbList\",\"@id\":\"https:\/\/educar21.com\/inicio\/2016\/03\/23\/8-competencias-educativas-del-siglo-xxi-infografia\/#breadcrumb\",\"itemListElement\":[{\"@type\":\"ListItem\",\"position\":1,\"name\":\"Portada\",\"item\":\"https:\/\/educar21.com\/inicio\/\"},{\"@type\":\"ListItem\",\"position\":2,\"name\":\"8 Competencias Educativas del Siglo XXI | Infograf\u00eda\"}]},{\"@type\":\"WebSite\",\"@id\":\"https:\/\/educar21.com\/inicio\/#website\",\"url\":\"https:\/\/educar21.com\/inicio\/\",\"name\":\"\",\"description\":\"Transformamos la Educaci\u00f3n\",\"potentialAction\":[{\"@type\":\"SearchAction\",\"target\":{\"@type\":\"EntryPoint\",\"urlTemplate\":\"https:\/\/educar21.com\/inicio\/?s={search_term_string}\"},\"query-input\":{\"@type\":\"PropertyValueSpecification\",\"valueRequired\":true,\"valueName\":\"search_term_string\"}}],\"inLanguage\":\"es\"},{\"@type\":\"Person\",\"@id\":\"https:\/\/educar21.com\/inicio\/#\/schema\/person\/c29b3c1ec7b7e4678c7ae9f12e894c6d\",\"name\":\"Gesvin Romero\",\"image\":{\"@type\":\"ImageObject\",\"inLanguage\":\"es\",\"@id\":\"https:\/\/educar21.com\/inicio\/#\/schema\/person\/image\/\",\"url\":\"https:\/\/secure.gravatar.com\/avatar\/18d8233f18b7fc66b0a747262c12c0cf82a5915d51b9f54e19d920cc89e52f87?s=96&d=mm&r=g\",\"contentUrl\":\"https:\/\/secure.gravatar.com\/avatar\/18d8233f18b7fc66b0a747262c12c0cf82a5915d51b9f54e19d920cc89e52f87?s=96&d=mm&r=g\",\"caption\":\"Gesvin Romero\"},\"url\":\"https:\/\/educar21.com\/inicio\/author\/gesvin\/\"}]}<\/script>\n<!-- \/ Yoast SEO plugin. -->","yoast_head_json":{"title":"8 Competencias Educativas del Siglo XXI | Infograf\u00eda -","description":"Las competencias educativas del siglo XXI orientan a los educadores sobre los objetivos formativos necesarios para enfrentar la sociedad del conocimiento.","robots":{"index":"index","follow":"follow","max-snippet":"max-snippet:-1","max-image-preview":"max-image-preview:large","max-video-preview":"max-video-preview:-1"},"canonical":"https:\/\/educar21.com\/inicio\/2016\/03\/23\/8-competencias-educativas-del-siglo-xxi-infografia\/","og_locale":"es_ES","og_type":"article","og_title":"8 Competencias Educativas del Siglo XXI | Infograf\u00eda -","og_description":"Las competencias educativas del siglo XXI orientan a los educadores sobre los objetivos formativos necesarios para enfrentar la sociedad del conocimiento.","og_url":"https:\/\/educar21.com\/inicio\/2016\/03\/23\/8-competencias-educativas-del-siglo-xxi-infografia\/","article_published_time":"2016-03-23T18:14:06+00:00","article_modified_time":"2019-05-04T11:34:31+00:00","author":"Gesvin Romero","twitter_card":"summary_large_image","twitter_misc":{"Escrito por":"Gesvin Romero","Tiempo de lectura":"2 minutos"},"schema":{"@context":"https:\/\/schema.org","@graph":[{"@type":"WebPage","@id":"https:\/\/educar21.com\/inicio\/2016\/03\/23\/8-competencias-educativas-del-siglo-xxi-infografia\/","url":"https:\/\/educar21.com\/inicio\/2016\/03\/23\/8-competencias-educativas-del-siglo-xxi-infografia\/","name":"8 Competencias Educativas del Siglo XXI | Infograf\u00eda -","isPartOf":{"@id":"https:\/\/educar21.com\/inicio\/#website"},"datePublished":"2016-03-23T18:14:06+00:00","dateModified":"2019-05-04T11:34:31+00:00","author":{"@id":"https:\/\/educar21.com\/inicio\/#\/schema\/person\/c29b3c1ec7b7e4678c7ae9f12e894c6d"},"description":"Las competencias educativas del siglo XXI orientan a los educadores sobre los objetivos formativos necesarios para enfrentar la sociedad del conocimiento.","breadcrumb":{"@id":"https:\/\/educar21.com\/inicio\/2016\/03\/23\/8-competencias-educativas-del-siglo-xxi-infografia\/#breadcrumb"},"inLanguage":"es","potentialAction":[{"@type":"ReadAction","target":["https:\/\/educar21.com\/inicio\/2016\/03\/23\/8-competencias-educativas-del-siglo-xxi-infografia\/"]}]},{"@type":"BreadcrumbList","@id":"https:\/\/educar21.com\/inicio\/2016\/03\/23\/8-competencias-educativas-del-siglo-xxi-infografia\/#breadcrumb","itemListElement":[{"@type":"ListItem","position":1,"name":"Portada","item":"https:\/\/educar21.com\/inicio\/"},{"@type":"ListItem","position":2,"name":"8 Competencias Educativas del Siglo XXI | Infograf\u00eda"}]},{"@type":"WebSite","@id":"https:\/\/educar21.com\/inicio\/#website","url":"https:\/\/educar21.com\/inicio\/","name":"","description":"Transformamos la Educaci\u00f3n","potentialAction":[{"@type":"SearchAction","target":{"@type":"EntryPoint","urlTemplate":"https:\/\/educar21.com\/inicio\/?s={search_term_string}"},"query-input":{"@type":"PropertyValueSpecification","valueRequired":true,"valueName":"search_term_string"}}],"inLanguage":"es"},{"@type":"Person","@id":"https:\/\/educar21.com\/inicio\/#\/schema\/person\/c29b3c1ec7b7e4678c7ae9f12e894c6d","name":"Gesvin Romero","image":{"@type":"ImageObject","inLanguage":"es","@id":"https:\/\/educar21.com\/inicio\/#\/schema\/person\/image\/","url":"https:\/\/secure.gravatar.com\/avatar\/18d8233f18b7fc66b0a747262c12c0cf82a5915d51b9f54e19d920cc89e52f87?s=96&d=mm&r=g","contentUrl":"https:\/\/secure.gravatar.com\/avatar\/18d8233f18b7fc66b0a747262c12c0cf82a5915d51b9f54e19d920cc89e52f87?s=96&d=mm&r=g","caption":"Gesvin Romero"},"url":"https:\/\/educar21.com\/inicio\/author\/gesvin\/"}]}},"jetpack_featured_media_url":"","jetpack_publicize_connections":[],"jetpack_sharing_enabled":true,"jetpack_shortlink":"https:\/\/wp.me\/p7nnUF-2p","jetpack_likes_enabled":true,"_links":{"self":[{"href":"https:\/\/educar21.com\/inicio\/wp-json\/wp\/v2\/posts\/149","targetHints":{"allow":["GET"]}}],"collection":[{"href":"https:\/\/educar21.com\/inicio\/wp-json\/wp\/v2\/posts"}],"about":[{"href":"https:\/\/educar21.com\/inicio\/wp-json\/wp\/v2\/types\/post"}],"author":[{"embeddable":true,"href":"https:\/\/educar21.com\/inicio\/wp-json\/wp\/v2\/users\/1"}],"replies":[{"embeddable":true,"href":"https:\/\/educar21.com\/inicio\/wp-json\/wp\/v2\/comments?post=149"}],"version-history":[{"count":1,"href":"https:\/\/educar21.com\/inicio\/wp-json\/wp\/v2\/posts\/149\/revisions"}],"predecessor-version":[{"id":1901,"href":"https:\/\/educar21.com\/inicio\/wp-json\/wp\/v2\/posts\/149\/revisions\/1901"}],"wp:attachment":[{"href":"https:\/\/educar21.com\/inicio\/wp-json\/wp\/v2\/media?parent=149"}],"wp:term":[{"taxonomy":"category","embeddable":true,"href":"https:\/\/educar21.com\/inicio\/wp-json\/wp\/v2\/categories?post=149"},{"taxonomy":"post_tag","embeddable":true,"href":"https:\/\/educar21.com\/inicio\/wp-json\/wp\/v2\/tags?post=149"}],"curies":[{"name":"wp","href":"https:\/\/api.w.org\/{rel}","templated":true}]}}