{"id":152,"date":"2016-04-12T13:12:10","date_gmt":"2016-04-12T18:12:10","guid":{"rendered":"http:\/\/educar21.com\/inicio\/?p=132"},"modified":"2019-05-04T10:47:10","modified_gmt":"2019-05-04T10:47:10","slug":"5-caracteristicas-del-pensador-critico","status":"publish","type":"post","link":"https:\/\/educar21.com\/inicio\/2016\/04\/12\/5-caracteristicas-del-pensador-critico\/","title":{"rendered":"5 Caracter\u00edsticas del Pensador Cr\u00edtico | Infograf\u00eda"},"content":{"rendered":"<p>Hola:<\/p>\n<p>Compartimos una interesante infograf\u00eda sobre \u00ab<strong>5 Caracter\u00edsticas del Pensador Cr\u00edtico<\/strong>\u00bb<\/p>\n<p>Un gran saludo.<\/p>\n<p><img loading=\"lazy\" decoding=\"async\" class=\"aligncenter wp-image-1889 size-full\" src=\"https:\/\/educar21.com\/inicio\/wp-content\/uploads\/2016\/04\/5Caracter\u00edsticasPensadorCr\u00edtico-Infograf\u00eda-Educar21-min.jpg\" alt=\"Pensador cr\u00edtico\" width=\"800\" height=\"1466\" srcset=\"https:\/\/educar21.com\/inicio\/wp-content\/uploads\/2016\/04\/5Caracter\u00edsticasPensadorCr\u00edtico-Infograf\u00eda-Educar21-min.jpg 800w, https:\/\/educar21.com\/inicio\/wp-content\/uploads\/2016\/04\/5Caracter\u00edsticasPensadorCr\u00edtico-Infograf\u00eda-Educar21-min-164x300.jpg 164w, https:\/\/educar21.com\/inicio\/wp-content\/uploads\/2016\/04\/5Caracter\u00edsticasPensadorCr\u00edtico-Infograf\u00eda-Educar21-min-768x1407.jpg 768w, https:\/\/educar21.com\/inicio\/wp-content\/uploads\/2016\/04\/5Caracter\u00edsticasPensadorCr\u00edtico-Infograf\u00eda-Educar21-min-559x1024.jpg 559w\" sizes=\"auto, (max-width: 800px) 100vw, 800px\" \/><\/p>\n<h4 style=\"text-align: center;\">PENSADOR CR\u00cdTICO<\/h4>\n<h5 style=\"text-align: center;\">DESCUBRE COMO PONERLO EN PR\u00c1CTICA CON ESTOS INCRE\u00cdBLES MATERIALES<\/h5>\n<h4 style=\"text-align: center;\"><a href=\"https:\/\/cuadrante21.educar21.com\/wp\/producto\/actividades-mejorar-pensamiento-critico-creativo\/\" target=\"_blank\" rel=\"noopener noreferrer\">12 Divertidas Actividades para Mejorar el Pensamiento Cr\u00edtico y Creativo<\/a><\/h4>\n<p><strong>Apuntes:<\/strong><\/p>\n<ul>\n<li>El pensamiento cr\u00edtico es ese modo de pensar sobre cualquier tema, contenido o problema en el cual el pensante mejora la calidad de su pensamiento al apoderarse de las estructuras inherentes del acto de pensar y al someterlas a est\u00e1ndares intelectuales.<\/li>\n<li>Todo el mundo piensa; es parte de nuestra naturaleza. Pero, mucho de nuestro pensar, por s\u00ed solo, es arbitrario, distorsionado, parcializado, desinformado o prejuiciado.<\/li>\n<li>Nuestra calidad de vida y de lo que producimos, hacemos o construimos depende, precisamente, de la calidad de nuestro pensamiento. El pensamiento de mala calidad cuesta tanto en dinero como en calidad de vida. La excelencia en el pensamiento, sin embargo, debe ejercitarse de forma sistem\u00e1tica.<\/li>\n<li>En resumen, el pensamiento cr\u00edtico es auto-dirigido, auto-disciplinado, auto-regulado y auto-corregido. Supone someterse a rigurosos est\u00e1ndares de excelencia y dominio consciente de su uso. Implica comunicaci\u00f3n efectiva y habilidades de soluci\u00f3n de problemas y un compromiso de superar el egocentrismo y socio centrismo natural del ser humano (R.Paul &amp; L. Elder, 2003).<\/li>\n<\/ul>\n<p><strong>Tambi\u00e9n deber\u00eda revisar:<\/strong><\/p>\n<ol>\n<li><a href=\"https:\/\/gesvin.wordpress.com\/2016\/03\/29\/5-pasos-para-promover-el-pensamiento-critico-en-sus-alumnos-infografia\/\" target=\"_blank\" rel=\"noopener noreferrer\">5 Pasos para Promover el Pensamiento Cr\u00edtico en sus Alumnos<\/a><\/li>\n<li><a href=\"https:\/\/gesvin.wordpress.com\/2015\/12\/17\/estandares-de-competencia-para-el-pensamiento-critico-ebook\/\" target=\"_blank\" rel=\"noopener noreferrer\">Est\u00e1ndares de Competencia para el Pensamiento Cr\u00edtico<\/a><\/li>\n<li><a href=\"https:\/\/gesvin.wordpress.com\/2015\/12\/10\/pensamiento-critico-5-recomendaciones-para-fomentarlo-entre-tus-alumnos-infografia\/\" target=\"_blank\" rel=\"noopener noreferrer\">Pensamiento Cr\u00edtico \u2013 5 Recomendaciones para Fomentarlo entre tus Alumnos<\/a><\/li>\n<li><a href=\"https:\/\/gesvin.wordpress.com\/2015\/06\/08\/desafios-del-pensamiento-critico-infografia\/\" target=\"_blank\" rel=\"noopener noreferrer\">Desaf\u00edos del Pensamiento Cr\u00edtico<\/a><\/li>\n<li><a href=\"https:\/\/gesvin.wordpress.com\/2015\/05\/06\/las-3-destrezas-del-pensamiento-de-robert-swartz-infografia\/\" target=\"_blank\" rel=\"noopener noreferrer\">Las 3 Destrezas del Pensamiento de Robert Swartz<\/a><\/li>\n<\/ol>\n<p><strong>Aproveche las mejores OFERTAS en materiales educativos<\/strong><\/p>\n<ol>\n<li><a href=\"https:\/\/cuadrante21.educar21.com\/wp\/producto\/kit-para-formular-preguntas-generadoras\/\" target=\"_blank\" rel=\"noopener noreferrer\">Kit para Formular Preguntas Generadoras <\/a><span style=\"color: #ff0000;\"><strong><em>(Nuevo)<\/em><\/strong><\/span><\/li>\n<li><a href=\"https:\/\/cuadrante21.educar21.com\/wp\/producto\/hoja-electronica-para-crear-objetivos-de-aprendizaje\/\" target=\"_blank\" rel=\"noopener noreferrer\">Hoja Electr\u00f3nica para Crear Objetivos de Aprendizaje<\/a><\/li>\n<li><a href=\"https:\/\/cuadrante21.educar21.com\/wp\/producto\/kit-para-redactar-objetivos-de-aprendizaje\/\" target=\"_blank\" rel=\"noopener noreferrer\">Kit para Redactar Objetivos de Aprendizaje<\/a><\/li>\n<li><a href=\"https:\/\/cuadrante21.educar21.com\/wp\/producto\/kit-para-formular-competencias-imprimibles\/\" target=\"_blank\" rel=\"noopener noreferrer\">Kit para Formular Competencias<\/a><\/li>\n<li><a href=\"https:\/\/cuadrante21.educar21.com\/wp\/producto\/kit-desarrollar-los-elementos-del-pensamiento-critico\/\" target=\"_blank\" rel=\"noopener noreferrer\">Kit para Desarrollar el Pensamiento Cr\u00edtico<\/a><\/li>\n<li><a href=\"https:\/\/cuadrante21.educar21.com\/wp\/producto\/trucos-para-lograr-la-atencion-de-los-alumnos\/\" target=\"_blank\" rel=\"noopener noreferrer\">13 Efectivos Trucos para Lograr la Atenci\u00f3n de los Alumnos<\/a><\/li>\n<\/ol>\n<p><strong>M\u00e1s materiales:<\/strong> <a href=\"https:\/\/cuadrante21.educar21.com\/wp\/tienda\/\" target=\"_blank\" rel=\"noopener noreferrer\">AQU\u00cd<\/a><\/p>\n<p><span style=\"border-radius: 2px; text-indent: 20px; width: auto; padding: 0px 4px 0px 0px; text-align: center; font: bold 11px\/20px 'Helvetica Neue',Helvetica,sans-serif; color: #ffffff; background: #bd081c  no-repeat scroll 3px 50% \/ 14px 14px; position: absolute; opacity: 1; z-index: 8675309; display: none; cursor: pointer; top: 140px; left: 33px;\">Guardar<\/span><\/p>\n","protected":false},"excerpt":{"rendered":"<p>Hola: Compartimos una interesante infograf\u00eda sobre \u00ab5 Caracter\u00edsticas del Pensador Cr\u00edtico\u00bb Un gran saludo. PENSADOR CR\u00cdTICO DESCUBRE COMO PONERLO EN PR\u00c1CTICA CON ESTOS INCRE\u00cdBLES MATERIALES 12 Divertidas Actividades para Mejorar el Pensamiento Cr\u00edtico y Creativo Apuntes: El pensamiento cr\u00edtico es ese modo de pensar sobre cualquier tema, contenido o problema [&hellip;]<\/p>\n","protected":false},"author":1,"featured_media":0,"comment_status":"open","ping_status":"open","sticky":false,"template":"","format":"standard","meta":{"_themeisle_gutenberg_block_has_review":false,"spay_email":"","footnotes":"","jetpack_publicize_message":"","jetpack_is_tweetstorm":false,"jetpack_publicize_feature_enabled":true},"categories":[24,58],"tags":[49,50,32,51,52,35,36,13,26,27,53,54,55,56,15,57,37,59],"class_list":["post-152","post","type-post","status-publish","format-standard","hentry","category-desafios-educativos-del-siglo-xxi","category-pensamiento-critico","tag-actividades-para-mejorar-el-pensamiento-critico","tag-caracteristicas-del-pensador-critico","tag-competencias-educativas","tag-concluye","tag-crea","tag-creatividad","tag-desafios-educativos","tag-desafios-educativos-del-siglo-xxi","tag-educacion","tag-educacion-del-siglo-xxi","tag-educar21","tag-educar21-com","tag-evalua","tag-formula","tag-innovacion-educativa","tag-pensador-critico","tag-pensamiento-critico","tag-piensa"],"yoast_head":"<!-- This site is optimized with the Yoast SEO plugin v23.5 - https:\/\/yoast.com\/wordpress\/plugins\/seo\/ -->\n<title>5 Caracter\u00edsticas del Pensador Cr\u00edtico | Infograf\u00eda -<\/title>\n<meta name=\"description\" content=\"El pensador cr\u00edtico mejora la calidad de su pensamiento al apoderarse de las estructuras inherentes del acto de pensar y someterlas a est\u00e1ndares intelec...\" \/>\n<meta name=\"robots\" content=\"index, follow, max-snippet:-1, max-image-preview:large, max-video-preview:-1\" \/>\n<link rel=\"canonical\" href=\"https:\/\/educar21.com\/inicio\/2016\/04\/12\/5-caracteristicas-del-pensador-critico\/\" \/>\n<meta property=\"og:locale\" content=\"es_ES\" \/>\n<meta property=\"og:type\" content=\"article\" \/>\n<meta property=\"og:title\" content=\"5 Caracter\u00edsticas del Pensador Cr\u00edtico | Infograf\u00eda -\" \/>\n<meta property=\"og:description\" content=\"El pensador cr\u00edtico mejora la calidad de su pensamiento al apoderarse de las estructuras inherentes del acto de pensar y someterlas a est\u00e1ndares intelec...\" \/>\n<meta property=\"og:url\" content=\"https:\/\/educar21.com\/inicio\/2016\/04\/12\/5-caracteristicas-del-pensador-critico\/\" \/>\n<meta property=\"article:published_time\" content=\"2016-04-12T18:12:10+00:00\" \/>\n<meta property=\"article:modified_time\" content=\"2019-05-04T10:47:10+00:00\" \/>\n<meta name=\"author\" content=\"Gesvin Romero\" \/>\n<meta name=\"twitter:card\" content=\"summary_large_image\" \/>\n<meta name=\"twitter:label1\" content=\"Escrito por\" \/>\n\t<meta name=\"twitter:data1\" content=\"Gesvin Romero\" \/>\n\t<meta name=\"twitter:label2\" content=\"Tiempo de lectura\" \/>\n\t<meta name=\"twitter:data2\" content=\"2 minutos\" \/>\n<script type=\"application\/ld+json\" class=\"yoast-schema-graph\">{\"@context\":\"https:\/\/schema.org\",\"@graph\":[{\"@type\":\"WebPage\",\"@id\":\"https:\/\/educar21.com\/inicio\/2016\/04\/12\/5-caracteristicas-del-pensador-critico\/\",\"url\":\"https:\/\/educar21.com\/inicio\/2016\/04\/12\/5-caracteristicas-del-pensador-critico\/\",\"name\":\"5 Caracter\u00edsticas del Pensador Cr\u00edtico | Infograf\u00eda -\",\"isPartOf\":{\"@id\":\"https:\/\/educar21.com\/inicio\/#website\"},\"datePublished\":\"2016-04-12T18:12:10+00:00\",\"dateModified\":\"2019-05-04T10:47:10+00:00\",\"author\":{\"@id\":\"https:\/\/educar21.com\/inicio\/#\/schema\/person\/c29b3c1ec7b7e4678c7ae9f12e894c6d\"},\"description\":\"El pensador cr\u00edtico mejora la calidad de su pensamiento al apoderarse de las estructuras inherentes del acto de pensar y someterlas a est\u00e1ndares intelec...\",\"breadcrumb\":{\"@id\":\"https:\/\/educar21.com\/inicio\/2016\/04\/12\/5-caracteristicas-del-pensador-critico\/#breadcrumb\"},\"inLanguage\":\"es\",\"potentialAction\":[{\"@type\":\"ReadAction\",\"target\":[\"https:\/\/educar21.com\/inicio\/2016\/04\/12\/5-caracteristicas-del-pensador-critico\/\"]}]},{\"@type\":\"BreadcrumbList\",\"@id\":\"https:\/\/educar21.com\/inicio\/2016\/04\/12\/5-caracteristicas-del-pensador-critico\/#breadcrumb\",\"itemListElement\":[{\"@type\":\"ListItem\",\"position\":1,\"name\":\"Portada\",\"item\":\"https:\/\/educar21.com\/inicio\/\"},{\"@type\":\"ListItem\",\"position\":2,\"name\":\"5 Caracter\u00edsticas del Pensador Cr\u00edtico | Infograf\u00eda\"}]},{\"@type\":\"WebSite\",\"@id\":\"https:\/\/educar21.com\/inicio\/#website\",\"url\":\"https:\/\/educar21.com\/inicio\/\",\"name\":\"\",\"description\":\"Transformamos la Educaci\u00f3n\",\"potentialAction\":[{\"@type\":\"SearchAction\",\"target\":{\"@type\":\"EntryPoint\",\"urlTemplate\":\"https:\/\/educar21.com\/inicio\/?s={search_term_string}\"},\"query-input\":{\"@type\":\"PropertyValueSpecification\",\"valueRequired\":true,\"valueName\":\"search_term_string\"}}],\"inLanguage\":\"es\"},{\"@type\":\"Person\",\"@id\":\"https:\/\/educar21.com\/inicio\/#\/schema\/person\/c29b3c1ec7b7e4678c7ae9f12e894c6d\",\"name\":\"Gesvin Romero\",\"image\":{\"@type\":\"ImageObject\",\"inLanguage\":\"es\",\"@id\":\"https:\/\/educar21.com\/inicio\/#\/schema\/person\/image\/\",\"url\":\"https:\/\/secure.gravatar.com\/avatar\/18d8233f18b7fc66b0a747262c12c0cf82a5915d51b9f54e19d920cc89e52f87?s=96&d=mm&r=g\",\"contentUrl\":\"https:\/\/secure.gravatar.com\/avatar\/18d8233f18b7fc66b0a747262c12c0cf82a5915d51b9f54e19d920cc89e52f87?s=96&d=mm&r=g\",\"caption\":\"Gesvin Romero\"},\"url\":\"https:\/\/educar21.com\/inicio\/author\/gesvin\/\"}]}<\/script>\n<!-- \/ Yoast SEO plugin. -->","yoast_head_json":{"title":"5 Caracter\u00edsticas del Pensador Cr\u00edtico | Infograf\u00eda -","description":"El pensador cr\u00edtico mejora la calidad de su pensamiento al apoderarse de las estructuras inherentes del acto de pensar y someterlas a est\u00e1ndares intelec...","robots":{"index":"index","follow":"follow","max-snippet":"max-snippet:-1","max-image-preview":"max-image-preview:large","max-video-preview":"max-video-preview:-1"},"canonical":"https:\/\/educar21.com\/inicio\/2016\/04\/12\/5-caracteristicas-del-pensador-critico\/","og_locale":"es_ES","og_type":"article","og_title":"5 Caracter\u00edsticas del Pensador Cr\u00edtico | Infograf\u00eda -","og_description":"El pensador cr\u00edtico mejora la calidad de su pensamiento al apoderarse de las estructuras inherentes del acto de pensar y someterlas a est\u00e1ndares intelec...","og_url":"https:\/\/educar21.com\/inicio\/2016\/04\/12\/5-caracteristicas-del-pensador-critico\/","article_published_time":"2016-04-12T18:12:10+00:00","article_modified_time":"2019-05-04T10:47:10+00:00","author":"Gesvin Romero","twitter_card":"summary_large_image","twitter_misc":{"Escrito por":"Gesvin Romero","Tiempo de lectura":"2 minutos"},"schema":{"@context":"https:\/\/schema.org","@graph":[{"@type":"WebPage","@id":"https:\/\/educar21.com\/inicio\/2016\/04\/12\/5-caracteristicas-del-pensador-critico\/","url":"https:\/\/educar21.com\/inicio\/2016\/04\/12\/5-caracteristicas-del-pensador-critico\/","name":"5 Caracter\u00edsticas del Pensador Cr\u00edtico | Infograf\u00eda -","isPartOf":{"@id":"https:\/\/educar21.com\/inicio\/#website"},"datePublished":"2016-04-12T18:12:10+00:00","dateModified":"2019-05-04T10:47:10+00:00","author":{"@id":"https:\/\/educar21.com\/inicio\/#\/schema\/person\/c29b3c1ec7b7e4678c7ae9f12e894c6d"},"description":"El pensador cr\u00edtico mejora la calidad de su pensamiento al apoderarse de las estructuras inherentes del acto de pensar y someterlas a est\u00e1ndares intelec...","breadcrumb":{"@id":"https:\/\/educar21.com\/inicio\/2016\/04\/12\/5-caracteristicas-del-pensador-critico\/#breadcrumb"},"inLanguage":"es","potentialAction":[{"@type":"ReadAction","target":["https:\/\/educar21.com\/inicio\/2016\/04\/12\/5-caracteristicas-del-pensador-critico\/"]}]},{"@type":"BreadcrumbList","@id":"https:\/\/educar21.com\/inicio\/2016\/04\/12\/5-caracteristicas-del-pensador-critico\/#breadcrumb","itemListElement":[{"@type":"ListItem","position":1,"name":"Portada","item":"https:\/\/educar21.com\/inicio\/"},{"@type":"ListItem","position":2,"name":"5 Caracter\u00edsticas del Pensador Cr\u00edtico | Infograf\u00eda"}]},{"@type":"WebSite","@id":"https:\/\/educar21.com\/inicio\/#website","url":"https:\/\/educar21.com\/inicio\/","name":"","description":"Transformamos la Educaci\u00f3n","potentialAction":[{"@type":"SearchAction","target":{"@type":"EntryPoint","urlTemplate":"https:\/\/educar21.com\/inicio\/?s={search_term_string}"},"query-input":{"@type":"PropertyValueSpecification","valueRequired":true,"valueName":"search_term_string"}}],"inLanguage":"es"},{"@type":"Person","@id":"https:\/\/educar21.com\/inicio\/#\/schema\/person\/c29b3c1ec7b7e4678c7ae9f12e894c6d","name":"Gesvin Romero","image":{"@type":"ImageObject","inLanguage":"es","@id":"https:\/\/educar21.com\/inicio\/#\/schema\/person\/image\/","url":"https:\/\/secure.gravatar.com\/avatar\/18d8233f18b7fc66b0a747262c12c0cf82a5915d51b9f54e19d920cc89e52f87?s=96&d=mm&r=g","contentUrl":"https:\/\/secure.gravatar.com\/avatar\/18d8233f18b7fc66b0a747262c12c0cf82a5915d51b9f54e19d920cc89e52f87?s=96&d=mm&r=g","caption":"Gesvin Romero"},"url":"https:\/\/educar21.com\/inicio\/author\/gesvin\/"}]}},"jetpack_featured_media_url":"","jetpack_publicize_connections":[],"jetpack_sharing_enabled":true,"jetpack_shortlink":"https:\/\/wp.me\/p7nnUF-2s","jetpack_likes_enabled":true,"_links":{"self":[{"href":"https:\/\/educar21.com\/inicio\/wp-json\/wp\/v2\/posts\/152","targetHints":{"allow":["GET"]}}],"collection":[{"href":"https:\/\/educar21.com\/inicio\/wp-json\/wp\/v2\/posts"}],"about":[{"href":"https:\/\/educar21.com\/inicio\/wp-json\/wp\/v2\/types\/post"}],"author":[{"embeddable":true,"href":"https:\/\/educar21.com\/inicio\/wp-json\/wp\/v2\/users\/1"}],"replies":[{"embeddable":true,"href":"https:\/\/educar21.com\/inicio\/wp-json\/wp\/v2\/comments?post=152"}],"version-history":[{"count":1,"href":"https:\/\/educar21.com\/inicio\/wp-json\/wp\/v2\/posts\/152\/revisions"}],"predecessor-version":[{"id":1891,"href":"https:\/\/educar21.com\/inicio\/wp-json\/wp\/v2\/posts\/152\/revisions\/1891"}],"wp:attachment":[{"href":"https:\/\/educar21.com\/inicio\/wp-json\/wp\/v2\/media?parent=152"}],"wp:term":[{"taxonomy":"category","embeddable":true,"href":"https:\/\/educar21.com\/inicio\/wp-json\/wp\/v2\/categories?post=152"},{"taxonomy":"post_tag","embeddable":true,"href":"https:\/\/educar21.com\/inicio\/wp-json\/wp\/v2\/tags?post=152"}],"curies":[{"name":"wp","href":"https:\/\/api.w.org\/{rel}","templated":true}]}}