{"id":1525,"date":"2018-10-22T21:35:02","date_gmt":"2018-10-22T19:35:02","guid":{"rendered":"https:\/\/educar21.com\/inicio\/?p=1525"},"modified":"2019-05-04T07:51:36","modified_gmt":"2019-05-04T07:51:36","slug":"enfoques-de-ensenanza","status":"publish","type":"post","link":"https:\/\/educar21.com\/inicio\/2018\/10\/22\/enfoques-de-ensenanza\/","title":{"rendered":"Enfoques de Ense\u00f1anza &#8211; 4 Rasgos Generales | Infograf\u00eda"},"content":{"rendered":"<p>\u00a1Hola amigos! hoy compartimos una interesante infograf\u00eda sobre \u201c<strong>Enfoques de Ense\u00f1anza &#8211; 4 Rasgos Generales<\/strong>\u201d<\/p>\n<p>Un gran saludo.<\/p>\n<p><img loading=\"lazy\" decoding=\"async\" class=\"aligncenter wp-image-1850 size-full\" src=\"https:\/\/educar21.com\/inicio\/wp-content\/uploads\/2018\/10\/EnfoquesEnse\u00f1anza4RasgosGenerales-Infograf\u00eda-Educar21.png\" alt=\"enfoques de ense\u00f1anza\" width=\"800\" height=\"1131\" srcset=\"https:\/\/educar21.com\/inicio\/wp-content\/uploads\/2018\/10\/EnfoquesEnse\u00f1anza4RasgosGenerales-Infograf\u00eda-Educar21.png 800w, https:\/\/educar21.com\/inicio\/wp-content\/uploads\/2018\/10\/EnfoquesEnse\u00f1anza4RasgosGenerales-Infograf\u00eda-Educar21-212x300.png 212w, https:\/\/educar21.com\/inicio\/wp-content\/uploads\/2018\/10\/EnfoquesEnse\u00f1anza4RasgosGenerales-Infograf\u00eda-Educar21-768x1086.png 768w, https:\/\/educar21.com\/inicio\/wp-content\/uploads\/2018\/10\/EnfoquesEnse\u00f1anza4RasgosGenerales-Infograf\u00eda-Educar21-724x1024.png 724w\" sizes=\"auto, (max-width: 800px) 100vw, 800px\" \/><\/p>\n<p>Elaborado por: Gesvin Romero.<\/p>\n<h4 style=\"text-align: center;\">DESCUBRE COMO APOYAR LOS ENFOQUES DE ENSE\u00d1ANZA CON ESTOS INCRE\u00cdBLES MATERIALES<\/h4>\n<h4 style=\"text-align: center;\"><a href=\"https:\/\/cuadrante21.educar21.com\/wp\/producto\/como-dar-una-clase-inolvidable\/\" target=\"_blank\" rel=\"noopener noreferrer\">C\u00d3MO DAR UNA CLASE INOLVIDABLE EN LA PR\u00c1CTICA<\/a><\/h4>\n<h4 style=\"text-align: center;\"><a href=\"https:\/\/cuadrante21.educar21.com\/wp\/producto\/hoja-electronica-para-crear-objetivos-de-aprendizaje\/\" target=\"_blank\" rel=\"noopener noreferrer\">HOJA ELECTR\u00d3NICA PARA DISE\u00d1AR OBJETIVOS DE APRENDIZAJE<\/a><\/h4>\n<h4 style=\"text-align: center;\"><a href=\"https:\/\/cuadrante21.educar21.com\/wp\/producto\/kit-para-formular-competencias-imprimibles\/\" target=\"_blank\" rel=\"noopener noreferrer\">KIT PARA FORMULAR COMPETENCIAS<\/a><\/h4>\n<p><strong>Apuntes sobre el tema:<\/strong><\/p>\n<p style=\"text-align: justify;\">Un enfoque de ense\u00f1anza implica alg\u00fan tipo de generalizaci\u00f3n o tendencia que intenta indicar una direcci\u00f3n para la ense\u00f1anza ofreciendo para ello una respuesta general sobre c\u00f3mo deber\u00eda realizarse ese proceso, raz\u00f3n por la cual tienen un importante componente valorativo. En este sentido, la infograf\u00eda pretende servir de apoyo a maestros en actividad, docentes y estudiantes de educaci\u00f3n para analizar de manera pr\u00e1ctica los distintos enfoques de ense\u00f1anza dado que este an\u00e1lisis puede resultar \u00fatil al momento de decidir acerca de las alternativas a aplicar durante las actividades de planeaci\u00f3n de nuestras sesiones de clase en sistemas escolares formales, teniendo en consideraci\u00f3n que cada enfoque es una alternativa que responde a distintos tipos de problemas.<\/p>\n<p><strong>Tambi\u00e9n deber\u00eda revisar:<\/strong><\/p>\n<ol>\n<li><a href=\"https:\/\/gesvin.wordpress.com\/2017\/11\/17\/12-principios-pedagogicos-para-transformar-la-practica-docente-articulo\/\" target=\"_blank\" rel=\"noopener noreferrer\">12 Principios Pedag\u00f3gicos para Transformar la Pr\u00e1ctica Docente<\/a><\/li>\n<li><a href=\"https:\/\/gesvin.wordpress.com\/2017\/11\/10\/enfoque-por-competencias-fundamentos-y-principios-clave-presentacion\/\" target=\"_blank\" rel=\"noopener noreferrer\">Enfoque por Competencias \u2013 Fundamentos y Principios Clave<\/a><\/li>\n<li><a href=\"https:\/\/gesvin.wordpress.com\/2016\/05\/12\/5-principios-pedagogicos-enfoques-para-facilitar-el-aprendizaje-articulo\/\" target=\"_blank\" rel=\"noopener noreferrer\">5 Principios Pedag\u00f3gicos \u2013 Enfoques para Facilitar el Aprendizaje<\/a><\/li>\n<li><a href=\"https:\/\/gesvin.wordpress.com\/2015\/06\/17\/12-principios-pedagogicos-guia-docente-presentacion\/\" target=\"_blank\" rel=\"noopener noreferrer\">12 Principios Pedag\u00f3gicos \u2013 Gu\u00eda Docente<\/a><\/li>\n<li><a href=\"https:\/\/gesvin.wordpress.com\/2015\/04\/06\/18-principios-para-fomentar-una-convivencia-respetuosa-y-cordial-infografia\/\" target=\"_blank\" rel=\"noopener noreferrer\">18 Principios para Fomentar una Convivencia Respetuosa y Cordial<\/a><\/li>\n<li><a href=\"https:\/\/gesvin.wordpress.com\/2015\/02\/19\/10-principios-de-buena-ensenanza-infografia\/\" target=\"_blank\" rel=\"noopener noreferrer\">Buena Ense\u00f1anza \u2013 10 Principios de Richard Leblanc<\/a><\/li>\n<\/ol>\n<p><strong>Aproveche las mejores OFERTAS en materiales educativos<\/strong><\/p>\n<ol>\n<li><a href=\"https:\/\/cuadrante21.educar21.com\/wp\/producto\/kit-para-formular-preguntas-generadoras\/\" target=\"_blank\" rel=\"noopener noreferrer\">Kit para Formular Preguntas Generadoras <\/a><span style=\"color: #ff0000;\"><strong><em>(Nuevo)<\/em><\/strong><\/span><\/li>\n<li><a href=\"https:\/\/cuadrante21.educar21.com\/wp\/producto\/hoja-electronica-para-crear-objetivos-de-aprendizaje\/\" target=\"_blank\" rel=\"noopener noreferrer\">Hoja Electr\u00f3nica para Crear Objetivos de Aprendizaje<\/a><\/li>\n<li><a href=\"https:\/\/cuadrante21.educar21.com\/wp\/producto\/kit-para-redactar-objetivos-de-aprendizaje\/\" target=\"_blank\" rel=\"noopener noreferrer\">Kit para Redactar Objetivos de Aprendizaje<\/a><\/li>\n<li><a href=\"https:\/\/cuadrante21.educar21.com\/wp\/producto\/kit-para-formular-competencias-imprimibles\/\" target=\"_blank\" rel=\"noopener noreferrer\">Kit para Formular Competencias<\/a><\/li>\n<li><a href=\"https:\/\/cuadrante21.educar21.com\/wp\/producto\/kit-desarrollar-los-elementos-del-pensamiento-critico\/\" target=\"_blank\" rel=\"noopener noreferrer\">Kit para Desarrollar el Pensamiento Cr\u00edtico<\/a><\/li>\n<li><a href=\"https:\/\/cuadrante21.educar21.com\/wp\/producto\/trucos-para-lograr-la-atencion-de-los-alumnos\/\" target=\"_blank\" rel=\"noopener noreferrer\">13 Efectivos Trucos para Lograr la Atenci\u00f3n de los Alumnos<\/a><\/li>\n<\/ol>\n<p><strong>M\u00e1s materiales:<\/strong> <a href=\"https:\/\/cuadrante21.educar21.com\/wp\/tienda\/\" target=\"_blank\" rel=\"noopener noreferrer\">AQU\u00cd<\/a><\/p>\n","protected":false},"excerpt":{"rendered":"<p>\u00a1Hola amigos! hoy compartimos una interesante infograf\u00eda sobre \u201cEnfoques de Ense\u00f1anza &#8211; 4 Rasgos Generales\u201d Un gran saludo. Elaborado por: Gesvin Romero. DESCUBRE COMO APOYAR LOS ENFOQUES DE ENSE\u00d1ANZA CON ESTOS INCRE\u00cdBLES MATERIALES C\u00d3MO DAR UNA CLASE INOLVIDABLE EN LA PR\u00c1CTICA HOJA ELECTR\u00d3NICA PARA DISE\u00d1AR OBJETIVOS DE APRENDIZAJE KIT PARA [&hellip;]<\/p>\n","protected":false},"author":1,"featured_media":0,"comment_status":"open","ping_status":"open","sticky":false,"template":"","format":"standard","meta":{"_themeisle_gutenberg_block_has_review":false,"spay_email":"","footnotes":"","jetpack_publicize_message":"","jetpack_is_tweetstorm":false,"jetpack_publicize_feature_enabled":true},"categories":[45],"tags":[36,13,26,27,53,54,239,46,15,16,240],"class_list":["post-1525","post","type-post","status-publish","format-standard","hentry","category-estrategias-de-ensenanza-aprendizaje","tag-desafios-educativos","tag-desafios-educativos-del-siglo-xxi","tag-educacion","tag-educacion-del-siglo-xxi","tag-educar21","tag-educar21-com","tag-enfoques-de-ensenanza","tag-estrategias-de-ensenanza-aprendizaje","tag-innovacion-educativa","tag-kit-para-redactar-objetivos-de-aprendizaje","tag-rasgos-generales-de-los-enfoques-de-ensenanza"],"yoast_head":"<!-- This site is optimized with the Yoast SEO plugin v23.5 - https:\/\/yoast.com\/wordpress\/plugins\/seo\/ -->\n<title>Enfoques de Ense\u00f1anza - 4 Rasgos Generales | Infograf\u00eda -<\/title>\n<meta name=\"description\" content=\"El an\u00e1lisis de los distintos enfoques de ense\u00f1anza resultar \u00fatil al decidir sobre las alternativas a aplicar durante la planeaci\u00f3n de nuestras clases.\" \/>\n<meta name=\"robots\" content=\"index, follow, max-snippet:-1, max-image-preview:large, max-video-preview:-1\" \/>\n<link rel=\"canonical\" href=\"https:\/\/educar21.com\/inicio\/2018\/10\/22\/enfoques-de-ensenanza\/\" \/>\n<meta property=\"og:locale\" content=\"es_ES\" \/>\n<meta property=\"og:type\" content=\"article\" \/>\n<meta property=\"og:title\" content=\"Enfoques de Ense\u00f1anza - 4 Rasgos Generales | Infograf\u00eda -\" \/>\n<meta property=\"og:description\" content=\"El an\u00e1lisis de los distintos enfoques de ense\u00f1anza resultar \u00fatil al decidir sobre las alternativas a aplicar durante la planeaci\u00f3n de nuestras clases.\" \/>\n<meta property=\"og:url\" content=\"https:\/\/educar21.com\/inicio\/2018\/10\/22\/enfoques-de-ensenanza\/\" \/>\n<meta property=\"article:published_time\" content=\"2018-10-22T19:35:02+00:00\" \/>\n<meta property=\"article:modified_time\" content=\"2019-05-04T07:51:36+00:00\" \/>\n<meta name=\"author\" content=\"Gesvin Romero\" \/>\n<meta name=\"twitter:card\" content=\"summary_large_image\" \/>\n<meta name=\"twitter:label1\" content=\"Escrito por\" \/>\n\t<meta name=\"twitter:data1\" content=\"Gesvin Romero\" \/>\n\t<meta name=\"twitter:label2\" content=\"Tiempo de lectura\" \/>\n\t<meta name=\"twitter:data2\" content=\"1 minuto\" \/>\n<script type=\"application\/ld+json\" class=\"yoast-schema-graph\">{\"@context\":\"https:\/\/schema.org\",\"@graph\":[{\"@type\":\"WebPage\",\"@id\":\"https:\/\/educar21.com\/inicio\/2018\/10\/22\/enfoques-de-ensenanza\/\",\"url\":\"https:\/\/educar21.com\/inicio\/2018\/10\/22\/enfoques-de-ensenanza\/\",\"name\":\"Enfoques de Ense\u00f1anza - 4 Rasgos Generales | Infograf\u00eda -\",\"isPartOf\":{\"@id\":\"https:\/\/educar21.com\/inicio\/#website\"},\"datePublished\":\"2018-10-22T19:35:02+00:00\",\"dateModified\":\"2019-05-04T07:51:36+00:00\",\"author\":{\"@id\":\"https:\/\/educar21.com\/inicio\/#\/schema\/person\/c29b3c1ec7b7e4678c7ae9f12e894c6d\"},\"description\":\"El an\u00e1lisis de los distintos enfoques de ense\u00f1anza resultar \u00fatil al decidir sobre las alternativas a aplicar durante la planeaci\u00f3n de nuestras clases.\",\"breadcrumb\":{\"@id\":\"https:\/\/educar21.com\/inicio\/2018\/10\/22\/enfoques-de-ensenanza\/#breadcrumb\"},\"inLanguage\":\"es\",\"potentialAction\":[{\"@type\":\"ReadAction\",\"target\":[\"https:\/\/educar21.com\/inicio\/2018\/10\/22\/enfoques-de-ensenanza\/\"]}]},{\"@type\":\"BreadcrumbList\",\"@id\":\"https:\/\/educar21.com\/inicio\/2018\/10\/22\/enfoques-de-ensenanza\/#breadcrumb\",\"itemListElement\":[{\"@type\":\"ListItem\",\"position\":1,\"name\":\"Portada\",\"item\":\"https:\/\/educar21.com\/inicio\/\"},{\"@type\":\"ListItem\",\"position\":2,\"name\":\"Enfoques de Ense\u00f1anza &#8211; 4 Rasgos Generales | Infograf\u00eda\"}]},{\"@type\":\"WebSite\",\"@id\":\"https:\/\/educar21.com\/inicio\/#website\",\"url\":\"https:\/\/educar21.com\/inicio\/\",\"name\":\"\",\"description\":\"Transformamos la Educaci\u00f3n\",\"potentialAction\":[{\"@type\":\"SearchAction\",\"target\":{\"@type\":\"EntryPoint\",\"urlTemplate\":\"https:\/\/educar21.com\/inicio\/?s={search_term_string}\"},\"query-input\":{\"@type\":\"PropertyValueSpecification\",\"valueRequired\":true,\"valueName\":\"search_term_string\"}}],\"inLanguage\":\"es\"},{\"@type\":\"Person\",\"@id\":\"https:\/\/educar21.com\/inicio\/#\/schema\/person\/c29b3c1ec7b7e4678c7ae9f12e894c6d\",\"name\":\"Gesvin Romero\",\"image\":{\"@type\":\"ImageObject\",\"inLanguage\":\"es\",\"@id\":\"https:\/\/educar21.com\/inicio\/#\/schema\/person\/image\/\",\"url\":\"https:\/\/secure.gravatar.com\/avatar\/18d8233f18b7fc66b0a747262c12c0cf82a5915d51b9f54e19d920cc89e52f87?s=96&d=mm&r=g\",\"contentUrl\":\"https:\/\/secure.gravatar.com\/avatar\/18d8233f18b7fc66b0a747262c12c0cf82a5915d51b9f54e19d920cc89e52f87?s=96&d=mm&r=g\",\"caption\":\"Gesvin Romero\"},\"url\":\"https:\/\/educar21.com\/inicio\/author\/gesvin\/\"}]}<\/script>\n<!-- \/ Yoast SEO plugin. -->","yoast_head_json":{"title":"Enfoques de Ense\u00f1anza - 4 Rasgos Generales | Infograf\u00eda -","description":"El an\u00e1lisis de los distintos enfoques de ense\u00f1anza resultar \u00fatil al decidir sobre las alternativas a aplicar durante la planeaci\u00f3n de nuestras clases.","robots":{"index":"index","follow":"follow","max-snippet":"max-snippet:-1","max-image-preview":"max-image-preview:large","max-video-preview":"max-video-preview:-1"},"canonical":"https:\/\/educar21.com\/inicio\/2018\/10\/22\/enfoques-de-ensenanza\/","og_locale":"es_ES","og_type":"article","og_title":"Enfoques de Ense\u00f1anza - 4 Rasgos Generales | Infograf\u00eda -","og_description":"El an\u00e1lisis de los distintos enfoques de ense\u00f1anza resultar \u00fatil al decidir sobre las alternativas a aplicar durante la planeaci\u00f3n de nuestras clases.","og_url":"https:\/\/educar21.com\/inicio\/2018\/10\/22\/enfoques-de-ensenanza\/","article_published_time":"2018-10-22T19:35:02+00:00","article_modified_time":"2019-05-04T07:51:36+00:00","author":"Gesvin Romero","twitter_card":"summary_large_image","twitter_misc":{"Escrito por":"Gesvin Romero","Tiempo de lectura":"1 minuto"},"schema":{"@context":"https:\/\/schema.org","@graph":[{"@type":"WebPage","@id":"https:\/\/educar21.com\/inicio\/2018\/10\/22\/enfoques-de-ensenanza\/","url":"https:\/\/educar21.com\/inicio\/2018\/10\/22\/enfoques-de-ensenanza\/","name":"Enfoques de Ense\u00f1anza - 4 Rasgos Generales | Infograf\u00eda -","isPartOf":{"@id":"https:\/\/educar21.com\/inicio\/#website"},"datePublished":"2018-10-22T19:35:02+00:00","dateModified":"2019-05-04T07:51:36+00:00","author":{"@id":"https:\/\/educar21.com\/inicio\/#\/schema\/person\/c29b3c1ec7b7e4678c7ae9f12e894c6d"},"description":"El an\u00e1lisis de los distintos enfoques de ense\u00f1anza resultar \u00fatil al decidir sobre las alternativas a aplicar durante la planeaci\u00f3n de nuestras clases.","breadcrumb":{"@id":"https:\/\/educar21.com\/inicio\/2018\/10\/22\/enfoques-de-ensenanza\/#breadcrumb"},"inLanguage":"es","potentialAction":[{"@type":"ReadAction","target":["https:\/\/educar21.com\/inicio\/2018\/10\/22\/enfoques-de-ensenanza\/"]}]},{"@type":"BreadcrumbList","@id":"https:\/\/educar21.com\/inicio\/2018\/10\/22\/enfoques-de-ensenanza\/#breadcrumb","itemListElement":[{"@type":"ListItem","position":1,"name":"Portada","item":"https:\/\/educar21.com\/inicio\/"},{"@type":"ListItem","position":2,"name":"Enfoques de Ense\u00f1anza &#8211; 4 Rasgos Generales | Infograf\u00eda"}]},{"@type":"WebSite","@id":"https:\/\/educar21.com\/inicio\/#website","url":"https:\/\/educar21.com\/inicio\/","name":"","description":"Transformamos la Educaci\u00f3n","potentialAction":[{"@type":"SearchAction","target":{"@type":"EntryPoint","urlTemplate":"https:\/\/educar21.com\/inicio\/?s={search_term_string}"},"query-input":{"@type":"PropertyValueSpecification","valueRequired":true,"valueName":"search_term_string"}}],"inLanguage":"es"},{"@type":"Person","@id":"https:\/\/educar21.com\/inicio\/#\/schema\/person\/c29b3c1ec7b7e4678c7ae9f12e894c6d","name":"Gesvin Romero","image":{"@type":"ImageObject","inLanguage":"es","@id":"https:\/\/educar21.com\/inicio\/#\/schema\/person\/image\/","url":"https:\/\/secure.gravatar.com\/avatar\/18d8233f18b7fc66b0a747262c12c0cf82a5915d51b9f54e19d920cc89e52f87?s=96&d=mm&r=g","contentUrl":"https:\/\/secure.gravatar.com\/avatar\/18d8233f18b7fc66b0a747262c12c0cf82a5915d51b9f54e19d920cc89e52f87?s=96&d=mm&r=g","caption":"Gesvin Romero"},"url":"https:\/\/educar21.com\/inicio\/author\/gesvin\/"}]}},"jetpack_featured_media_url":"","jetpack_publicize_connections":[],"jetpack_sharing_enabled":true,"jetpack_shortlink":"https:\/\/wp.me\/p7nnUF-oB","jetpack_likes_enabled":true,"_links":{"self":[{"href":"https:\/\/educar21.com\/inicio\/wp-json\/wp\/v2\/posts\/1525","targetHints":{"allow":["GET"]}}],"collection":[{"href":"https:\/\/educar21.com\/inicio\/wp-json\/wp\/v2\/posts"}],"about":[{"href":"https:\/\/educar21.com\/inicio\/wp-json\/wp\/v2\/types\/post"}],"author":[{"embeddable":true,"href":"https:\/\/educar21.com\/inicio\/wp-json\/wp\/v2\/users\/1"}],"replies":[{"embeddable":true,"href":"https:\/\/educar21.com\/inicio\/wp-json\/wp\/v2\/comments?post=1525"}],"version-history":[{"count":1,"href":"https:\/\/educar21.com\/inicio\/wp-json\/wp\/v2\/posts\/1525\/revisions"}],"predecessor-version":[{"id":1851,"href":"https:\/\/educar21.com\/inicio\/wp-json\/wp\/v2\/posts\/1525\/revisions\/1851"}],"wp:attachment":[{"href":"https:\/\/educar21.com\/inicio\/wp-json\/wp\/v2\/media?parent=1525"}],"wp:term":[{"taxonomy":"category","embeddable":true,"href":"https:\/\/educar21.com\/inicio\/wp-json\/wp\/v2\/categories?post=1525"},{"taxonomy":"post_tag","embeddable":true,"href":"https:\/\/educar21.com\/inicio\/wp-json\/wp\/v2\/tags?post=1525"}],"curies":[{"name":"wp","href":"https:\/\/api.w.org\/{rel}","templated":true}]}}