{"id":1573,"date":"2018-11-26T21:00:22","date_gmt":"2018-11-26T20:00:22","guid":{"rendered":"https:\/\/educar21.com\/inicio\/?p=1573"},"modified":"2019-05-04T07:35:29","modified_gmt":"2019-05-04T07:35:29","slug":"evaluacion-educativa","status":"publish","type":"post","link":"https:\/\/educar21.com\/inicio\/2018\/11\/26\/evaluacion-educativa\/","title":{"rendered":"Evaluaci\u00f3n Educativa en el Siglo XXI y el Impacto de la Tecnolog\u00eda"},"content":{"rendered":"<p>\u00a1Hola amigos! hoy compartimos una interesante art\u00edculo sobre \u201c<strong>Evaluaci\u00f3n Educativa en el Siglo XXI y el Impacto de la Tecnolog\u00eda<\/strong>\u201d<\/p>\n<p>Un gran saludo.<\/p>\n<p><img loading=\"lazy\" decoding=\"async\" class=\"aligncenter wp-image-1842 size-full\" src=\"https:\/\/educar21.com\/inicio\/wp-content\/uploads\/2018\/11\/4ImportantesAportesEvaluaci\u00f3nEducativa-Educar21.png\" alt=\"evaluaci\u00f3n educativa\" width=\"800\" height=\"610\" srcset=\"https:\/\/educar21.com\/inicio\/wp-content\/uploads\/2018\/11\/4ImportantesAportesEvaluaci\u00f3nEducativa-Educar21.png 800w, https:\/\/educar21.com\/inicio\/wp-content\/uploads\/2018\/11\/4ImportantesAportesEvaluaci\u00f3nEducativa-Educar21-300x229.png 300w, https:\/\/educar21.com\/inicio\/wp-content\/uploads\/2018\/11\/4ImportantesAportesEvaluaci\u00f3nEducativa-Educar21-768x586.png 768w\" sizes=\"auto, (max-width: 800px) 100vw, 800px\" \/><\/p>\n<h4 style=\"text-align: center;\">DESCUBRE COMO EVALUAR EFICAZMENTE A TUS ESTUDIANTES CON ESTOS INCRE\u00cdBLES MATERIALES<\/h4>\n<h4 style=\"text-align: center;\"><a href=\"https:\/\/cuadrante21.educar21.com\/wp\/producto\/kit-evaluar-objetivos-aprendizaje\/\" target=\"_blank\" rel=\"noopener noreferrer\">KIT PARA EVALUAR OBJETIVOS DE APRENDIZAJE<\/a><\/h4>\n<h4 style=\"text-align: center;\"><a href=\"https:\/\/cuadrante21.educar21.com\/wp\/producto\/comprension-lectora-2\/\" target=\"_blank\" rel=\"noopener noreferrer\">ESCALA DE APRECIACI\u00d3N PARA EVALUAR DURANTE LA LECTURA<\/a><\/h4>\n<p style=\"text-align: justify;\"><em><strong>Por. Gesvin Romero<\/strong><\/em>.- A medida que las escuelas invierten m\u00e1s tiempo para ense\u00f1ar a sus estudiantes <a href=\"https:\/\/educar21.com\/inicio\/8-competencias-educativas-del-siglo-xxi-infografia\/\" target=\"_blank\" rel=\"noopener noreferrer\">competencias del siglo XXI<\/a>, tales como <a href=\"https:\/\/educar21.com\/inicio\/5-caracteristicas-del-pensador-critico\/\" target=\"_blank\" rel=\"noopener noreferrer\">el pensamiento cr\u00edtico<\/a>, la necesidad de invertir en tecnolog\u00eda es cada vez m\u00e1s importante debido que esta permite -entre otras cosas- medir la eficacia de los m\u00e9todos de ense\u00f1anza y el proceso de evaluaci\u00f3n educativa seg\u00fan un <a href=\"https:\/\/www.brookings.edu\/wp-content\/uploads\/2018\/10\/EffectiveUse-Vista-Kim-Care-10-2018-FINALforwebsite.pdf\" target=\"_blank\" rel=\"noopener noreferrer\">informe<\/a> del Centro de Educaci\u00f3n Universal de <a href=\"https:\/\/www.brookings.edu\/\" target=\"_blank\" rel=\"noopener noreferrer\">Brookings<\/a>.<\/p>\n<blockquote>\n<p style=\"text-align: justify;\">Cuando las habilidades son complejas, es importante conocer el proceso de c\u00f3mo surgi\u00f3 una respuesta, especialmente cuando la producci\u00f3n de habilidades no es f\u00e1cil de definir, dijo Alvin Vista, miembro del Centro de Educaci\u00f3n Universal de Brookings.<\/p>\n<\/blockquote>\n<p style=\"text-align: justify;\">El informe analiza c\u00f3mo las competencias del siglo XXI se est\u00e1n transformando en una parte central de la ense\u00f1anza y las necesidades de evaluaci\u00f3n, dejando en claro que <em>el proceso de creaci\u00f3n de resultados creativos es m\u00e1s importante que la tecnolog\u00eda en s\u00ed<\/em>. Asimismo, el reporte describe como la tecnolog\u00eda permite capturar el progreso del aprendizaje, generando una trazabilidad de datos invaluable para identificar brechas de rendimiento, adaptar la instrucci\u00f3n a las necesidades individuales de los estudiantes, seguir y comunicar el progreso de los estudiantes y tomar decisiones formativas m\u00e1s documentadas. Definitivamente este es un <a href=\"https:\/\/www.brookings.edu\/wp-content\/uploads\/2018\/10\/EffectiveUse-Vista-Kim-Care-10-2018-FINALforwebsite.pdf\" target=\"_blank\" rel=\"noopener noreferrer\">informe<\/a> que recomendamos considerar.<\/p>\n<p><strong>Tambi\u00e9n deber\u00eda revisar:<\/strong><\/p>\n<ol>\n<li><a href=\"https:\/\/gesvin.wordpress.com\/2018\/10\/22\/evaluacion-del-aprendizaje-dimensiones-y-practicas-innovadoras-ebook\/\" target=\"_blank\" rel=\"noopener noreferrer\">Evaluaci\u00f3n del Aprendizaje \u2013 Dimensiones y Pr\u00e1cticas Innovadoras<\/a><\/li>\n<li><a href=\"https:\/\/gesvin.wordpress.com\/2018\/08\/17\/que-entendemos-por-evaluacion-del-aprendizaje-video\/\" target=\"_blank\" rel=\"noopener noreferrer\">\u00bfQu\u00e9 Entendemos por Evaluaci\u00f3n del Aprendizaje?<\/a><\/li>\n<li><a href=\"https:\/\/gesvin.wordpress.com\/2018\/05\/03\/tecnicas-e-instrumentos-de-evaluacion-del-aprendizaje-ebook\/\" target=\"_blank\" rel=\"noopener noreferrer\">T\u00e9cnicas e Instrumentos de Evaluaci\u00f3n del Aprendizaje<\/a><\/li>\n<li><a href=\"https:\/\/gesvin.wordpress.com\/2017\/07\/04\/instrumentales-de-la-evaluacion-del-aprendizaje-bases-tecnicas-ebook\/\" target=\"_blank\" rel=\"noopener noreferrer\">Instrumentales de la Evaluaci\u00f3n del Aprendizaje \u2013 Bases T\u00e9cnicas<\/a><\/li>\n<li><a href=\"https:\/\/gesvin.wordpress.com\/2016\/08\/25\/instrumentos-de-evaluacion-del-aprendizaje-taller-pedagogico-presentacion\/\" target=\"_blank\" rel=\"noopener noreferrer\">Instrumentos de Evaluaci\u00f3n del Aprendizaje \u2013 Taller Pedag\u00f3gico<\/a><\/li>\n<li><a href=\"https:\/\/gesvin.wordpress.com\/2018\/07\/11\/evaluacion-educativa-7-desafios-del-aprendizaje-articulo\/\" target=\"_blank\" rel=\"noopener noreferrer\">Evaluaci\u00f3n Educativa \u2013 7 Desaf\u00edos del Aprendizaje<\/a><\/li>\n<\/ol>\n<p><strong>Aproveche las mejores OFERTAS en materiales educativos<\/strong><\/p>\n<ol>\n<li><a href=\"https:\/\/cuadrante21.educar21.com\/wp\/producto\/kit-para-formular-preguntas-generadoras\/\" target=\"_blank\" rel=\"noopener noreferrer\">Kit para Formular Preguntas Generadoras <\/a><span style=\"color: #ff0000;\"><strong><em>(Nuevo)<\/em><\/strong><\/span><\/li>\n<li><a href=\"https:\/\/cuadrante21.educar21.com\/wp\/producto\/kit-evaluar-objetivos-aprendizaje\/\" target=\"_blank\" rel=\"noopener noreferrer\">Kit para Evaluar Objetivos de Aprendizaje<\/a><\/li>\n<li><a href=\"https:\/\/cuadrante21.educar21.com\/wp\/producto\/comprension-lectora-inferir\/\" target=\"_blank\" rel=\"noopener noreferrer\">Estrategias Efectivas para Desarrollar la Comprensi\u00f3n Lectora \u2013 INFERIR<\/a><\/li>\n<li><a href=\"https:\/\/cuadrante21.educar21.com\/wp\/producto\/comprension-lectora-3\/\" target=\"_blank\" rel=\"noopener noreferrer\">Comprensi\u00f3n Lectora \u2013 Escala de Apreciaci\u00f3n para Evaluar DESPU\u00c9S de la Lectura<\/a><\/li>\n<li><a href=\"https:\/\/cuadrante21.educar21.com\/wp\/producto\/comprension-lectora-2\/\" target=\"_blank\" rel=\"noopener noreferrer\">Comprensi\u00f3n Lectora \u2013 Escala de Apreciaci\u00f3n para Evaluar DURANTE la Lectura<\/a><\/li>\n<li><a href=\"https:\/\/cuadrante21.educar21.com\/wp\/producto\/comprension-lectora\/\" target=\"_blank\" rel=\"noopener noreferrer\">Comprensi\u00f3n Lectora \u2013 Escala de Apreciaci\u00f3n para ANTES de la Lectura<\/a><\/li>\n<\/ol>\n<p><strong>M\u00e1s materiales:<\/strong> <a href=\"https:\/\/cuadrante21.educar21.com\/wp\/tienda\/\" target=\"_blank\" rel=\"noopener noreferrer\">AQU\u00cd<\/a><\/p>\n","protected":false},"excerpt":{"rendered":"<p>\u00a1Hola amigos! hoy compartimos una interesante art\u00edculo sobre \u201cEvaluaci\u00f3n Educativa en el Siglo XXI y el Impacto de la Tecnolog\u00eda\u201d Un gran saludo. DESCUBRE COMO EVALUAR EFICAZMENTE A TUS ESTUDIANTES CON ESTOS INCRE\u00cdBLES MATERIALES KIT PARA EVALUAR OBJETIVOS DE APRENDIZAJE ESCALA DE APRECIACI\u00d3N PARA EVALUAR DURANTE LA LECTURA Por. Gesvin [&hellip;]<\/p>\n","protected":false},"author":1,"featured_media":0,"comment_status":"open","ping_status":"open","sticky":false,"template":"","format":"standard","meta":{"_themeisle_gutenberg_block_has_review":false,"spay_email":"","footnotes":"","jetpack_publicize_message":"","jetpack_is_tweetstorm":false,"jetpack_publicize_feature_enabled":true},"categories":[24,47],"tags":[33,36,13,26,27,53,54,248,249,250,15,251,16,18,37,44],"class_list":["post-1573","post","type-post","status-publish","format-standard","hentry","category-desafios-educativos-del-siglo-xxi","category-estrategias-de-evaluacion","tag-competencias-educativas-del-siglo-xxi","tag-desafios-educativos","tag-desafios-educativos-del-siglo-xxi","tag-educacion","tag-educacion-del-siglo-xxi","tag-educar21","tag-educar21-com","tag-evaluacion-educativa","tag-evaluacion-educativa-del-siglo-xxi","tag-impacto-de-la-tecnologia-en-la-evaluacion-educativa-del-siglo-xxi","tag-innovacion-educativa","tag-kit-para-evaluar-objetivos-de-aprendizaje","tag-kit-para-redactar-objetivos-de-aprendizaje","tag-objetivos-de-aprendizaje","tag-pensamiento-critico","tag-tecnologia-educativa"],"yoast_head":"<!-- This site is optimized with the Yoast SEO plugin v23.5 - https:\/\/yoast.com\/wordpress\/plugins\/seo\/ -->\n<title>Evaluaci\u00f3n Educativa en el Siglo XXI y el Impacto de la Tecnolog\u00eda -<\/title>\n<meta name=\"description\" content=\"Invertir en tecnolog\u00eda es cada vez m\u00e1s importante porque permite medir la eficacia de los m\u00e9todos de ense\u00f1anza as\u00ed como el proceso de evaluaci\u00f3n educativa.\" \/>\n<meta name=\"robots\" content=\"index, follow, max-snippet:-1, max-image-preview:large, max-video-preview:-1\" \/>\n<link rel=\"canonical\" href=\"https:\/\/educar21.com\/inicio\/2018\/11\/26\/evaluacion-educativa\/\" \/>\n<meta property=\"og:locale\" content=\"es_ES\" \/>\n<meta property=\"og:type\" content=\"article\" \/>\n<meta property=\"og:title\" content=\"Evaluaci\u00f3n Educativa en el Siglo XXI y el Impacto de la Tecnolog\u00eda -\" \/>\n<meta property=\"og:description\" content=\"Invertir en tecnolog\u00eda es cada vez m\u00e1s importante porque permite medir la eficacia de los m\u00e9todos de ense\u00f1anza as\u00ed como el proceso de evaluaci\u00f3n educativa.\" \/>\n<meta property=\"og:url\" content=\"https:\/\/educar21.com\/inicio\/2018\/11\/26\/evaluacion-educativa\/\" \/>\n<meta property=\"article:published_time\" content=\"2018-11-26T20:00:22+00:00\" \/>\n<meta property=\"article:modified_time\" content=\"2019-05-04T07:35:29+00:00\" \/>\n<meta name=\"author\" content=\"Gesvin Romero\" \/>\n<meta name=\"twitter:card\" content=\"summary_large_image\" \/>\n<meta name=\"twitter:label1\" content=\"Escrito por\" \/>\n\t<meta name=\"twitter:data1\" content=\"Gesvin Romero\" \/>\n\t<meta name=\"twitter:label2\" content=\"Tiempo de lectura\" \/>\n\t<meta name=\"twitter:data2\" content=\"2 minutos\" \/>\n<script type=\"application\/ld+json\" class=\"yoast-schema-graph\">{\"@context\":\"https:\/\/schema.org\",\"@graph\":[{\"@type\":\"WebPage\",\"@id\":\"https:\/\/educar21.com\/inicio\/2018\/11\/26\/evaluacion-educativa\/\",\"url\":\"https:\/\/educar21.com\/inicio\/2018\/11\/26\/evaluacion-educativa\/\",\"name\":\"Evaluaci\u00f3n Educativa en el Siglo XXI y el Impacto de la Tecnolog\u00eda -\",\"isPartOf\":{\"@id\":\"https:\/\/educar21.com\/inicio\/#website\"},\"datePublished\":\"2018-11-26T20:00:22+00:00\",\"dateModified\":\"2019-05-04T07:35:29+00:00\",\"author\":{\"@id\":\"https:\/\/educar21.com\/inicio\/#\/schema\/person\/c29b3c1ec7b7e4678c7ae9f12e894c6d\"},\"description\":\"Invertir en tecnolog\u00eda es cada vez m\u00e1s importante porque permite medir la eficacia de los m\u00e9todos de ense\u00f1anza as\u00ed como el proceso de evaluaci\u00f3n educativa.\",\"breadcrumb\":{\"@id\":\"https:\/\/educar21.com\/inicio\/2018\/11\/26\/evaluacion-educativa\/#breadcrumb\"},\"inLanguage\":\"es\",\"potentialAction\":[{\"@type\":\"ReadAction\",\"target\":[\"https:\/\/educar21.com\/inicio\/2018\/11\/26\/evaluacion-educativa\/\"]}]},{\"@type\":\"BreadcrumbList\",\"@id\":\"https:\/\/educar21.com\/inicio\/2018\/11\/26\/evaluacion-educativa\/#breadcrumb\",\"itemListElement\":[{\"@type\":\"ListItem\",\"position\":1,\"name\":\"Portada\",\"item\":\"https:\/\/educar21.com\/inicio\/\"},{\"@type\":\"ListItem\",\"position\":2,\"name\":\"Evaluaci\u00f3n Educativa en el Siglo XXI y el Impacto de la Tecnolog\u00eda\"}]},{\"@type\":\"WebSite\",\"@id\":\"https:\/\/educar21.com\/inicio\/#website\",\"url\":\"https:\/\/educar21.com\/inicio\/\",\"name\":\"\",\"description\":\"Transformamos la Educaci\u00f3n\",\"potentialAction\":[{\"@type\":\"SearchAction\",\"target\":{\"@type\":\"EntryPoint\",\"urlTemplate\":\"https:\/\/educar21.com\/inicio\/?s={search_term_string}\"},\"query-input\":{\"@type\":\"PropertyValueSpecification\",\"valueRequired\":true,\"valueName\":\"search_term_string\"}}],\"inLanguage\":\"es\"},{\"@type\":\"Person\",\"@id\":\"https:\/\/educar21.com\/inicio\/#\/schema\/person\/c29b3c1ec7b7e4678c7ae9f12e894c6d\",\"name\":\"Gesvin Romero\",\"image\":{\"@type\":\"ImageObject\",\"inLanguage\":\"es\",\"@id\":\"https:\/\/educar21.com\/inicio\/#\/schema\/person\/image\/\",\"url\":\"https:\/\/secure.gravatar.com\/avatar\/18d8233f18b7fc66b0a747262c12c0cf82a5915d51b9f54e19d920cc89e52f87?s=96&d=mm&r=g\",\"contentUrl\":\"https:\/\/secure.gravatar.com\/avatar\/18d8233f18b7fc66b0a747262c12c0cf82a5915d51b9f54e19d920cc89e52f87?s=96&d=mm&r=g\",\"caption\":\"Gesvin Romero\"},\"url\":\"https:\/\/educar21.com\/inicio\/author\/gesvin\/\"}]}<\/script>\n<!-- \/ Yoast SEO plugin. -->","yoast_head_json":{"title":"Evaluaci\u00f3n Educativa en el Siglo XXI y el Impacto de la Tecnolog\u00eda -","description":"Invertir en tecnolog\u00eda es cada vez m\u00e1s importante porque permite medir la eficacia de los m\u00e9todos de ense\u00f1anza as\u00ed como el proceso de evaluaci\u00f3n educativa.","robots":{"index":"index","follow":"follow","max-snippet":"max-snippet:-1","max-image-preview":"max-image-preview:large","max-video-preview":"max-video-preview:-1"},"canonical":"https:\/\/educar21.com\/inicio\/2018\/11\/26\/evaluacion-educativa\/","og_locale":"es_ES","og_type":"article","og_title":"Evaluaci\u00f3n Educativa en el Siglo XXI y el Impacto de la Tecnolog\u00eda -","og_description":"Invertir en tecnolog\u00eda es cada vez m\u00e1s importante porque permite medir la eficacia de los m\u00e9todos de ense\u00f1anza as\u00ed como el proceso de evaluaci\u00f3n educativa.","og_url":"https:\/\/educar21.com\/inicio\/2018\/11\/26\/evaluacion-educativa\/","article_published_time":"2018-11-26T20:00:22+00:00","article_modified_time":"2019-05-04T07:35:29+00:00","author":"Gesvin Romero","twitter_card":"summary_large_image","twitter_misc":{"Escrito por":"Gesvin Romero","Tiempo de lectura":"2 minutos"},"schema":{"@context":"https:\/\/schema.org","@graph":[{"@type":"WebPage","@id":"https:\/\/educar21.com\/inicio\/2018\/11\/26\/evaluacion-educativa\/","url":"https:\/\/educar21.com\/inicio\/2018\/11\/26\/evaluacion-educativa\/","name":"Evaluaci\u00f3n Educativa en el Siglo XXI y el Impacto de la Tecnolog\u00eda -","isPartOf":{"@id":"https:\/\/educar21.com\/inicio\/#website"},"datePublished":"2018-11-26T20:00:22+00:00","dateModified":"2019-05-04T07:35:29+00:00","author":{"@id":"https:\/\/educar21.com\/inicio\/#\/schema\/person\/c29b3c1ec7b7e4678c7ae9f12e894c6d"},"description":"Invertir en tecnolog\u00eda es cada vez m\u00e1s importante porque permite medir la eficacia de los m\u00e9todos de ense\u00f1anza as\u00ed como el proceso de evaluaci\u00f3n educativa.","breadcrumb":{"@id":"https:\/\/educar21.com\/inicio\/2018\/11\/26\/evaluacion-educativa\/#breadcrumb"},"inLanguage":"es","potentialAction":[{"@type":"ReadAction","target":["https:\/\/educar21.com\/inicio\/2018\/11\/26\/evaluacion-educativa\/"]}]},{"@type":"BreadcrumbList","@id":"https:\/\/educar21.com\/inicio\/2018\/11\/26\/evaluacion-educativa\/#breadcrumb","itemListElement":[{"@type":"ListItem","position":1,"name":"Portada","item":"https:\/\/educar21.com\/inicio\/"},{"@type":"ListItem","position":2,"name":"Evaluaci\u00f3n Educativa en el Siglo XXI y el Impacto de la Tecnolog\u00eda"}]},{"@type":"WebSite","@id":"https:\/\/educar21.com\/inicio\/#website","url":"https:\/\/educar21.com\/inicio\/","name":"","description":"Transformamos la Educaci\u00f3n","potentialAction":[{"@type":"SearchAction","target":{"@type":"EntryPoint","urlTemplate":"https:\/\/educar21.com\/inicio\/?s={search_term_string}"},"query-input":{"@type":"PropertyValueSpecification","valueRequired":true,"valueName":"search_term_string"}}],"inLanguage":"es"},{"@type":"Person","@id":"https:\/\/educar21.com\/inicio\/#\/schema\/person\/c29b3c1ec7b7e4678c7ae9f12e894c6d","name":"Gesvin Romero","image":{"@type":"ImageObject","inLanguage":"es","@id":"https:\/\/educar21.com\/inicio\/#\/schema\/person\/image\/","url":"https:\/\/secure.gravatar.com\/avatar\/18d8233f18b7fc66b0a747262c12c0cf82a5915d51b9f54e19d920cc89e52f87?s=96&d=mm&r=g","contentUrl":"https:\/\/secure.gravatar.com\/avatar\/18d8233f18b7fc66b0a747262c12c0cf82a5915d51b9f54e19d920cc89e52f87?s=96&d=mm&r=g","caption":"Gesvin Romero"},"url":"https:\/\/educar21.com\/inicio\/author\/gesvin\/"}]}},"jetpack_featured_media_url":"","jetpack_publicize_connections":[],"jetpack_sharing_enabled":true,"jetpack_shortlink":"https:\/\/wp.me\/p7nnUF-pn","jetpack_likes_enabled":true,"_links":{"self":[{"href":"https:\/\/educar21.com\/inicio\/wp-json\/wp\/v2\/posts\/1573","targetHints":{"allow":["GET"]}}],"collection":[{"href":"https:\/\/educar21.com\/inicio\/wp-json\/wp\/v2\/posts"}],"about":[{"href":"https:\/\/educar21.com\/inicio\/wp-json\/wp\/v2\/types\/post"}],"author":[{"embeddable":true,"href":"https:\/\/educar21.com\/inicio\/wp-json\/wp\/v2\/users\/1"}],"replies":[{"embeddable":true,"href":"https:\/\/educar21.com\/inicio\/wp-json\/wp\/v2\/comments?post=1573"}],"version-history":[{"count":1,"href":"https:\/\/educar21.com\/inicio\/wp-json\/wp\/v2\/posts\/1573\/revisions"}],"predecessor-version":[{"id":1843,"href":"https:\/\/educar21.com\/inicio\/wp-json\/wp\/v2\/posts\/1573\/revisions\/1843"}],"wp:attachment":[{"href":"https:\/\/educar21.com\/inicio\/wp-json\/wp\/v2\/media?parent=1573"}],"wp:term":[{"taxonomy":"category","embeddable":true,"href":"https:\/\/educar21.com\/inicio\/wp-json\/wp\/v2\/categories?post=1573"},{"taxonomy":"post_tag","embeddable":true,"href":"https:\/\/educar21.com\/inicio\/wp-json\/wp\/v2\/tags?post=1573"}],"curies":[{"name":"wp","href":"https:\/\/api.w.org\/{rel}","templated":true}]}}