{"id":1987,"date":"2020-10-05T15:00:10","date_gmt":"2020-10-05T13:00:10","guid":{"rendered":"https:\/\/educar21.com\/inicio\/?p=1987"},"modified":"2020-09-24T11:19:05","modified_gmt":"2020-09-24T09:19:05","slug":"herramienta-para-crear-audio-o-podcast","status":"publish","type":"post","link":"https:\/\/educar21.com\/inicio\/2020\/10\/05\/herramienta-para-crear-audio-o-podcast\/","title":{"rendered":"Una Estupenda Herramienta para Crear Audio o Podcast | Aplicaci\u00f3n"},"content":{"rendered":"\n<p><strong><em>Por Gesvin Romero.-<\/em><\/strong>  Un audio o podcast puede definirse como un objeto o artefacto digital que puede ser reproducido y\/o escuchado desde un computador de escritorio, tel\u00e9fono m\u00f3vil, tableta, iPad entre muchos otros accesorios digitales. Por definici\u00f3n y desde la perspectiva educativa, los beneficios del podcast est\u00e1n enfocados al desarrollo de <a rel=\"noreferrer noopener\" aria-label=\"competencias lingu\u00edsticas (opens in a new tab)\" href=\"https:\/\/es.wikipedia.org\/wiki\/Competencia_ling%C3%BC%C3%ADstica\" target=\"_blank\">competencias lingu\u00edsticas<\/a> en especial si tomamos en cuenta que para su creaci\u00f3n &#8211;<em>del podcast<\/em>&#8211; el \u00fanico elemento necesario es la voz, por lo que en la actualidad se cuentan entre los contenidos de audio m\u00e1s populares en internet. Por lo anterior, la entrada \u00ab<strong>Una gran Herramienta para Crear Audio o Podcast<\/strong>\u00bb tiene como finalidad apoyar los esfuerzos docentes en el desarrollo de competencias b\u00e1sicas as\u00ed como las <a rel=\"noreferrer noopener\" aria-label=\"competencias educativas del siglo XXI (opens in a new tab)\" href=\"https:\/\/educar21.com\/inicio\/2016\/03\/23\/8-competencias-educativas-del-siglo-xxi-infografia\/\" target=\"_blank\">competencias educativas del siglo XXI<\/a> haciendo uso de <a rel=\"noreferrer noopener\" aria-label=\"Anchor (opens in a new tab)\" href=\"https:\/\/anchor.fm\/\" target=\"_blank\">Anchor<\/a> una herramienta online y gratuita con unas estupendas caracter\u00edsticas para la creaci\u00f3n de podcast.<\/p>\n\n\n\n<p>Un aspecto favorable de esta herramienta es su facilidad de uso, simplemente inicie sesi\u00f3n desde su navegador web o instale la aplicaci\u00f3n m\u00f3vil (Android o iOS) y empiece a grabar usando el micr\u00f3fono integrado de su dispositivo o uno externo si lo tuviera. Tambi\u00e9n puede importar archivos de audio y usarlo con sus propias grabaciones. Una de las funcionalidades m\u00e1s importante es que la aplicaci\u00f3n permite invitar a colegas y estudiantes a grabar junto a usted propiciando un ambiente colaborativo de trabajo. En modo de trabajo, <a href=\"https:\/\/anchor.fm\/\" target=\"_blank\" rel=\"noreferrer noopener\" aria-label=\"Anchor (opens in a new tab)\">Anchor<\/a> proporciona una plataforma de edici\u00f3n muy intuitiva con numerosas funciones para ayudarlo a personalizar sus podcasts de la manera que desee. Por ejemplo, le permite recortar partes del audio, eliminar segmentos que no le gustan, agregar m\u00fasica de fondo a los audios, aplicar transiciones y efectos de sonido y m\u00e1s. Una vez que su podcast est\u00e9 listo, puede compartirlo en sitios web de alojamiento de podcasts, incluidos Google Podcasts, Spotify y Apple Podcasts.<\/p>\n\n\n\n<div class=\"wp-block-image\"><figure class=\"aligncenter\"><img loading=\"lazy\" decoding=\"async\" width=\"940\" height=\"788\" src=\"https:\/\/educar21.com\/inicio\/wp-content\/uploads\/2020\/09\/UnaGranHerramientaCrearRecursosAudioPodcast-Educar21.png\" alt=\"herramienta para crear audio\" class=\"wp-image-1988\" srcset=\"https:\/\/educar21.com\/inicio\/wp-content\/uploads\/2020\/09\/UnaGranHerramientaCrearRecursosAudioPodcast-Educar21.png 940w, https:\/\/educar21.com\/inicio\/wp-content\/uploads\/2020\/09\/UnaGranHerramientaCrearRecursosAudioPodcast-Educar21-300x251.png 300w, https:\/\/educar21.com\/inicio\/wp-content\/uploads\/2020\/09\/UnaGranHerramientaCrearRecursosAudioPodcast-Educar21-768x644.png 768w\" sizes=\"auto, (max-width: 940px) 100vw, 940px\" \/><\/figure><\/div>\n\n\n\n<h2 class=\"wp-block-heading\" style=\"text-align:center\">Descubre los mejores materiales para el aula del siglo XXI<\/h2>\n\n\n\n<p style=\"font-size:30px;text-align:center\"><a href=\"https:\/\/cuadrante21.educar21.com\/wp\/tienda\/\" target=\"_blank\" rel=\"noreferrer noopener\">TIENDA<\/a><\/p>\n\n\n\n<p><strong>APUNTES:<\/strong><\/p>\n\n\n\n<ol class=\"wp-block-list\"><li>Los m\u00e9todos tradicionales de ense\u00f1anza parten en gran medida de la lectura. Sin embargo, cuando este m\u00e9todo se usa para todas las materias puede provocar cansancio y falta de atenci\u00f3n los cuales terminan afectando la concentraci\u00f3n y la comprensi\u00f3n de los estudiantes.<\/li><li>Los podcasts as\u00ed como una herramienta para crear audio son un gran recurso para el aula, en especial <strong><em>cuando los estudiantes crean sus propios audios <\/em><\/strong>a partir de los proyectos o contenidos que ellos mismos han desarrollado. La pr\u00e1ctica de leer y escucharse as\u00ed mismos resulta motivante, mejora los niveles de atenci\u00f3n y facilita una actitud m\u00e1s reflexiva alrededor de lo aprendido.<\/li><li>Sus altos niveles de disponibilidad (tanto online como offline) convierte al podcast en un efectivo recurso para fomentar el aprendizaje activo y la puesta en pr\u00e1ctica de estrategias de ense\u00f1anza que requieren de un uso frecuente y\/o intensivo de las TIC.<\/li><li>Entre las aplicaciones mas comunes de los recursos de audio en la educaci\u00f3n podemos mencionar: libros auditivos, entrevistas, ponencias, educaci\u00f3n a distancia, instructivos o manuales, material de apoyo a clases presenciales, entre otros.<\/li><li>A manera de ejemplo, les compartimos algunos sitios con podcasts de corte educativos en espa\u00f1ol: <a rel=\"noreferrer noopener\" aria-label=\"p\u00edldoras de educaci\u00f3n (opens in a new tab)\" href=\"https:\/\/www.pildorasdeeducacion.com\/podcast\" target=\"_blank\">p\u00edldoras de educaci\u00f3n<\/a>,  <a rel=\"noreferrer noopener\" aria-label=\"filosof\u00eda de bolsillo (opens in a new tab)\" href=\"http:\/\/Entre algunos ejemplos de podcasts educativos \u00fatiles en espa\u00f1ol se pueden mencionar:\" target=\"_blank\">filosof\u00eda de bolsillo<\/a>, <a rel=\"noreferrer noopener\" aria-label=\"audios de ciencia y cultura (opens in a new tab)\" href=\"https:\/\/www.ivoox.com\/audios-ciencia-cultura_sa_f36_1.html\" target=\"_blank\">audios de ciencia y cultura<\/a>, <a rel=\"noreferrer noopener\" aria-label=\"el explicador (opens in a new tab)\" href=\"http:\/\/www.elexplicador.net\/audio\/\" target=\"_blank\">el explicador<\/a>, <a rel=\"noreferrer noopener\" aria-label=\"la historia del mundo (opens in a new tab)\" href=\"https:\/\/caracol.com.co\/programa\/la_historia_del_mundo\/\" target=\"_blank\">la historia del mundo<\/a>, <a rel=\"noreferrer noopener\" aria-label=\"L de Lengua (opens in a new tab)\" href=\"https:\/\/eledelengua.com\/\" target=\"_blank\">L de Lengua<\/a>.<\/li><\/ol>\n\n\n\n<p><strong>CONCLUSI\u00d3N:<\/strong><\/p>\n\n\n\n<p>Los recursos de audio en la educaci\u00f3n son un medio did\u00e1ctico que supone la existencia de elementos sonoros con contenidos educativos y que han sido creados a partir de un proceso de planificaci\u00f3n did\u00e1ctica. La motivaci\u00f3n de los estudiantes aumenta cuando pueden participar no s\u00f3lo en la recepci\u00f3n sino en la producci\u00f3n misma de los podcasts. Por lo tanto, para un docente que est\u00e1 incursionando o que ya cuenta con experiencia en el campo de la formaci\u00f3n online, le resultar\u00e1 sumamente \u00fatil contar con una potente, sencilla y eficaz herramienta para crear audio.<\/p>\n\n\n\n<p><strong>REFERENCIAS:<\/strong><\/p>\n\n\n\n<ul class=\"wp-block-list\"><li>Anchor, https:\/\/anchor.fm\/.<\/li><li>Bryant, L. (2007). Emerging trends in socialsoftware for education. En BECTA. EmergingTechnologies for Learning. (22-04-2008).<\/li><li>Cabero, J. (2001). Tecnolog\u00eda Educativa: dise\u00f1o y utilizaci\u00f3n de medios en la ense\u00f1anza. Barcelona. Editorial Paid\u00f3s.<\/li><li>Fernandez, C. (2007). El dise\u00f1o y la producci\u00f3n de medios aplicados a la ense\u00f1anza. Tecnolog\u00eda Educativa. Mc Graw-Hill. Madrid.<\/li><\/ul>\n\n\n\n<p><strong>\u00a1Saludos y nos estamos leyendo!<\/strong><\/p>\n\n\n\n<p><strong>Revise tambi\u00e9n:<\/strong><\/p>\n\n\n\n<ol class=\"wp-block-list\"><li><a rel=\"noreferrer noopener\" aria-label=\"Aprendizaje M\u00f3vil \u2013 Metodolog\u00eda y Caracter\u00edsticas Clave (opens in a new tab)\" href=\"https:\/\/gesvin.wordpress.com\/2016\/01\/22\/aprendizaje-movil-metodologia-y-caracteristicas-clave-presentacion\/\" target=\"_blank\">Aprendizaje M\u00f3vil \u2013 Metodolog\u00eda y Caracter\u00edsticas Clave<\/a><\/li><li><a rel=\"noreferrer noopener\" aria-label=\"Secuencias Did\u00e1cticas con TIC \u2013 Una Gu\u00eda para Dise\u00f1arlas (opens in a new tab)\" href=\"https:\/\/gesvin.wordpress.com\/2015\/04\/13\/secuencias-didacticas-con-tic-una-guia-para-disenarlas-presentacion\/\" target=\"_blank\">Secuencias Did\u00e1cticas con TIC \u2013 Una Gu\u00eda para Dise\u00f1arlas<\/a> <\/li><li><a rel=\"noreferrer noopener\" aria-label=\"17 Aplicaciones M\u00f3viles para Mejorar nuestras Habilidades Matem\u00e1ticas (opens in a new tab)\" href=\"https:\/\/gesvin.wordpress.com\/2016\/01\/16\/17-aplicaciones-moviles-para-mejorar-nuestras-habilidades-matematicas-articulo\/\" target=\"_blank\">17 Aplicaciones M\u00f3viles para Mejorar nuestras Habilidades Matem\u00e1ticas<\/a><\/li><li><a rel=\"noreferrer noopener\" aria-label=\"Estrategia de Comunicaci\u00f3n Online para Docentes \u2013 6 Capacidades Primordiales (opens in a new tab)\" href=\"https:\/\/educar21.com\/inicio\/2018\/11\/30\/estrategia-de-comunicacion-online-para-docentes\/\" target=\"_blank\">Estrategia de Comunicaci\u00f3n Online para Docentes \u2013 6 Capacidades Primordiales<\/a>.<\/li><li><a rel=\"noreferrer noopener\" aria-label=\"6 Herramientas para Mantenerse Enfocado en Internet (opens in a new tab)\" href=\"https:\/\/educar21.com\/inicio\/2020\/09\/21\/6-herramientas-para-mantenerse-enfocado\/\" target=\"_blank\">6 Herramientas para Mantenerse Enfocado en Internet<\/a><\/li><li><a href=\"https:\/\/educar21.com\/inicio\/2020\/09\/10\/formas-de-lograr-que-los-estudiantes-vean-los-videos\/\" target=\"_blank\" rel=\"noreferrer noopener\" aria-label=\"4 Formas de Lograr que los Estudiantes vean los Videos Instruccionales \u00a1realmente! (opens in a new tab)\">4 Formas de Lograr que los Estudiantes vean los Videos Instruccionales \u00a1realmente!<\/a><\/li><\/ol>\n\n\n\n<p> <strong>Aproveche las mejores OFERTAS en materiales educativos<\/strong> <\/p>\n\n\n\n<ol class=\"wp-block-list\"><li><a rel=\"noreferrer noopener\" aria-label=\"Encuesta de Conectividad para Estudiantes (opens in a new tab)\" href=\"https:\/\/cuadrante21.educar21.com\/wp\/producto\/encuesta-de-conectividad-para-estudiantes\/\" target=\"_blank\">Encuesta de Conectividad para Estudiantes<\/a> <\/li><li><a rel=\"noreferrer noopener\" href=\"https:\/\/cuadrante21.educar21.com\/wp\/producto\/kit-para-formular-preguntas-generadoras\/\" target=\"_blank\">Kit para Formular Preguntas Generadoras <\/a><\/li><li> <a rel=\"noreferrer noopener\" href=\"https:\/\/cuadrante21.educar21.com\/wp\/producto\/hoja-electronica-para-crear-objetivos-de-aprendizaje\/\" target=\"_blank\">Hoja Electr\u00f3nica para Crear Objetivos de Aprendizaje<\/a> <\/li><li> <a rel=\"noreferrer noopener\" href=\"https:\/\/cuadrante21.educar21.com\/wp\/producto\/kit-para-redactar-objetivos-de-aprendizaje\/\" target=\"_blank\">Kit para Redactar Objetivos de Aprendizaje<\/a> <\/li><li> <a rel=\"noreferrer noopener\" href=\"https:\/\/cuadrante21.educar21.com\/wp\/producto\/kit-para-formular-competencias-imprimibles\/\" target=\"_blank\">Kit para Formular Competencias<\/a> <\/li><li> <a rel=\"noreferrer noopener\" href=\"https:\/\/cuadrante21.educar21.com\/wp\/producto\/kit-desarrollar-los-elementos-del-pensamiento-critico\/\" target=\"_blank\">Kit para Desarrollar el Pensamiento Cr\u00edtico<\/a> <\/li><\/ol>\n\n\n\n<p><strong>M\u00e1s materiales:<\/strong> <a href=\"https:\/\/cuadrante21.educar21.com\/wp\/tienda\/\" target=\"_blank\" rel=\"noreferrer noopener\">AQU\u00cd<\/a><\/p>\n","protected":false},"excerpt":{"rendered":"<p>Por Gesvin Romero.- Un audio o podcast puede definirse como un objeto o artefacto digital que puede ser reproducido y\/o escuchado desde un computador de escritorio, tel\u00e9fono m\u00f3vil, tableta, iPad entre muchos otros accesorios digitales. Por definici\u00f3n y desde la perspectiva educativa, los beneficios del podcast est\u00e1n enfocados al desarrollo [&hellip;]<\/p>\n","protected":false},"author":1,"featured_media":0,"comment_status":"open","ping_status":"open","sticky":false,"template":"","format":"standard","meta":{"_themeisle_gutenberg_block_has_review":false,"spay_email":"","footnotes":"","jetpack_publicize_message":"","jetpack_is_tweetstorm":false,"jetpack_publicize_feature_enabled":true},"categories":[24,45],"tags":[435,36,13,26,27,436,437,438,442,15,443,44],"class_list":["post-1987","post","type-post","status-publish","format-standard","hentry","category-desafios-educativos-del-siglo-xxi","category-estrategias-de-ensenanza-aprendizaje","tag-como-lograr-que-los-estudiantes-vean-los-videos","tag-desafios-educativos","tag-desafios-educativos-del-siglo-xxi","tag-educacion","tag-educacion-del-siglo-xxi","tag-educacion-primaria","tag-educacion-secundaria","tag-educacion-superior","tag-herramienta-para-crear-podcast","tag-innovacion-educativa","tag-podcast-educativo","tag-tecnologia-educativa"],"yoast_head":"<!-- This site is optimized with the Yoast SEO plugin v23.5 - https:\/\/yoast.com\/wordpress\/plugins\/seo\/ -->\n<title>Una Estupenda Herramienta para Crear Audio o Podcast | Aplicaci\u00f3n -<\/title>\n<meta name=\"description\" content=\"El uso de audio en educaci\u00f3n supone la existencia de elementos sonoros con contenidos educativos y una herramienta para crear audio como aqu\u00ed describimos...\" \/>\n<meta name=\"robots\" content=\"index, follow, max-snippet:-1, max-image-preview:large, max-video-preview:-1\" \/>\n<link rel=\"canonical\" href=\"https:\/\/educar21.com\/inicio\/2020\/10\/05\/herramienta-para-crear-audio-o-podcast\/\" \/>\n<meta property=\"og:locale\" content=\"es_ES\" \/>\n<meta property=\"og:type\" content=\"article\" \/>\n<meta property=\"og:title\" content=\"Una Estupenda Herramienta para Crear Audio o Podcast | Aplicaci\u00f3n -\" \/>\n<meta property=\"og:description\" content=\"El uso de audio en educaci\u00f3n supone la existencia de elementos sonoros con contenidos educativos y una herramienta para crear audio como aqu\u00ed describimos...\" \/>\n<meta property=\"og:url\" content=\"https:\/\/educar21.com\/inicio\/2020\/10\/05\/herramienta-para-crear-audio-o-podcast\/\" \/>\n<meta property=\"article:published_time\" content=\"2020-10-05T13:00:10+00:00\" \/>\n<meta property=\"article:modified_time\" content=\"2020-09-24T09:19:05+00:00\" \/>\n<meta property=\"og:image\" content=\"https:\/\/educar21.com\/inicio\/wp-content\/uploads\/2020\/09\/UnaGranHerramientaCrearRecursosAudioPodcast-Educar21.png\" \/>\n<meta name=\"author\" content=\"Gesvin Romero\" \/>\n<meta name=\"twitter:card\" content=\"summary_large_image\" \/>\n<meta name=\"twitter:label1\" content=\"Escrito por\" \/>\n\t<meta name=\"twitter:data1\" content=\"Gesvin Romero\" \/>\n\t<meta name=\"twitter:label2\" content=\"Tiempo de lectura\" \/>\n\t<meta name=\"twitter:data2\" content=\"4 minutos\" \/>\n<script type=\"application\/ld+json\" class=\"yoast-schema-graph\">{\"@context\":\"https:\/\/schema.org\",\"@graph\":[{\"@type\":\"WebPage\",\"@id\":\"https:\/\/educar21.com\/inicio\/2020\/10\/05\/herramienta-para-crear-audio-o-podcast\/\",\"url\":\"https:\/\/educar21.com\/inicio\/2020\/10\/05\/herramienta-para-crear-audio-o-podcast\/\",\"name\":\"Una Estupenda Herramienta para Crear Audio o Podcast | Aplicaci\u00f3n -\",\"isPartOf\":{\"@id\":\"https:\/\/educar21.com\/inicio\/#website\"},\"primaryImageOfPage\":{\"@id\":\"https:\/\/educar21.com\/inicio\/2020\/10\/05\/herramienta-para-crear-audio-o-podcast\/#primaryimage\"},\"image\":{\"@id\":\"https:\/\/educar21.com\/inicio\/2020\/10\/05\/herramienta-para-crear-audio-o-podcast\/#primaryimage\"},\"thumbnailUrl\":\"https:\/\/educar21.com\/inicio\/wp-content\/uploads\/2020\/09\/UnaGranHerramientaCrearRecursosAudioPodcast-Educar21.png\",\"datePublished\":\"2020-10-05T13:00:10+00:00\",\"dateModified\":\"2020-09-24T09:19:05+00:00\",\"author\":{\"@id\":\"https:\/\/educar21.com\/inicio\/#\/schema\/person\/c29b3c1ec7b7e4678c7ae9f12e894c6d\"},\"description\":\"El uso de audio en educaci\u00f3n supone la existencia de elementos sonoros con contenidos educativos y una herramienta para crear audio como aqu\u00ed describimos...\",\"breadcrumb\":{\"@id\":\"https:\/\/educar21.com\/inicio\/2020\/10\/05\/herramienta-para-crear-audio-o-podcast\/#breadcrumb\"},\"inLanguage\":\"es\",\"potentialAction\":[{\"@type\":\"ReadAction\",\"target\":[\"https:\/\/educar21.com\/inicio\/2020\/10\/05\/herramienta-para-crear-audio-o-podcast\/\"]}]},{\"@type\":\"ImageObject\",\"inLanguage\":\"es\",\"@id\":\"https:\/\/educar21.com\/inicio\/2020\/10\/05\/herramienta-para-crear-audio-o-podcast\/#primaryimage\",\"url\":\"https:\/\/educar21.com\/inicio\/wp-content\/uploads\/2020\/09\/UnaGranHerramientaCrearRecursosAudioPodcast-Educar21.png\",\"contentUrl\":\"https:\/\/educar21.com\/inicio\/wp-content\/uploads\/2020\/09\/UnaGranHerramientaCrearRecursosAudioPodcast-Educar21.png\",\"width\":940,\"height\":788},{\"@type\":\"BreadcrumbList\",\"@id\":\"https:\/\/educar21.com\/inicio\/2020\/10\/05\/herramienta-para-crear-audio-o-podcast\/#breadcrumb\",\"itemListElement\":[{\"@type\":\"ListItem\",\"position\":1,\"name\":\"Portada\",\"item\":\"https:\/\/educar21.com\/inicio\/\"},{\"@type\":\"ListItem\",\"position\":2,\"name\":\"Una Estupenda Herramienta para Crear Audio o Podcast | Aplicaci\u00f3n\"}]},{\"@type\":\"WebSite\",\"@id\":\"https:\/\/educar21.com\/inicio\/#website\",\"url\":\"https:\/\/educar21.com\/inicio\/\",\"name\":\"\",\"description\":\"Transformamos la Educaci\u00f3n\",\"potentialAction\":[{\"@type\":\"SearchAction\",\"target\":{\"@type\":\"EntryPoint\",\"urlTemplate\":\"https:\/\/educar21.com\/inicio\/?s={search_term_string}\"},\"query-input\":{\"@type\":\"PropertyValueSpecification\",\"valueRequired\":true,\"valueName\":\"search_term_string\"}}],\"inLanguage\":\"es\"},{\"@type\":\"Person\",\"@id\":\"https:\/\/educar21.com\/inicio\/#\/schema\/person\/c29b3c1ec7b7e4678c7ae9f12e894c6d\",\"name\":\"Gesvin Romero\",\"image\":{\"@type\":\"ImageObject\",\"inLanguage\":\"es\",\"@id\":\"https:\/\/educar21.com\/inicio\/#\/schema\/person\/image\/\",\"url\":\"https:\/\/secure.gravatar.com\/avatar\/18d8233f18b7fc66b0a747262c12c0cf82a5915d51b9f54e19d920cc89e52f87?s=96&d=mm&r=g\",\"contentUrl\":\"https:\/\/secure.gravatar.com\/avatar\/18d8233f18b7fc66b0a747262c12c0cf82a5915d51b9f54e19d920cc89e52f87?s=96&d=mm&r=g\",\"caption\":\"Gesvin Romero\"},\"url\":\"https:\/\/educar21.com\/inicio\/author\/gesvin\/\"}]}<\/script>\n<!-- \/ Yoast SEO plugin. -->","yoast_head_json":{"title":"Una Estupenda Herramienta para Crear Audio o Podcast | Aplicaci\u00f3n -","description":"El uso de audio en educaci\u00f3n supone la existencia de elementos sonoros con contenidos educativos y una herramienta para crear audio como aqu\u00ed describimos...","robots":{"index":"index","follow":"follow","max-snippet":"max-snippet:-1","max-image-preview":"max-image-preview:large","max-video-preview":"max-video-preview:-1"},"canonical":"https:\/\/educar21.com\/inicio\/2020\/10\/05\/herramienta-para-crear-audio-o-podcast\/","og_locale":"es_ES","og_type":"article","og_title":"Una Estupenda Herramienta para Crear Audio o Podcast | Aplicaci\u00f3n -","og_description":"El uso de audio en educaci\u00f3n supone la existencia de elementos sonoros con contenidos educativos y una herramienta para crear audio como aqu\u00ed describimos...","og_url":"https:\/\/educar21.com\/inicio\/2020\/10\/05\/herramienta-para-crear-audio-o-podcast\/","article_published_time":"2020-10-05T13:00:10+00:00","article_modified_time":"2020-09-24T09:19:05+00:00","og_image":[{"url":"https:\/\/educar21.com\/inicio\/wp-content\/uploads\/2020\/09\/UnaGranHerramientaCrearRecursosAudioPodcast-Educar21.png"}],"author":"Gesvin Romero","twitter_card":"summary_large_image","twitter_misc":{"Escrito por":"Gesvin Romero","Tiempo de lectura":"4 minutos"},"schema":{"@context":"https:\/\/schema.org","@graph":[{"@type":"WebPage","@id":"https:\/\/educar21.com\/inicio\/2020\/10\/05\/herramienta-para-crear-audio-o-podcast\/","url":"https:\/\/educar21.com\/inicio\/2020\/10\/05\/herramienta-para-crear-audio-o-podcast\/","name":"Una Estupenda Herramienta para Crear Audio o Podcast | Aplicaci\u00f3n -","isPartOf":{"@id":"https:\/\/educar21.com\/inicio\/#website"},"primaryImageOfPage":{"@id":"https:\/\/educar21.com\/inicio\/2020\/10\/05\/herramienta-para-crear-audio-o-podcast\/#primaryimage"},"image":{"@id":"https:\/\/educar21.com\/inicio\/2020\/10\/05\/herramienta-para-crear-audio-o-podcast\/#primaryimage"},"thumbnailUrl":"https:\/\/educar21.com\/inicio\/wp-content\/uploads\/2020\/09\/UnaGranHerramientaCrearRecursosAudioPodcast-Educar21.png","datePublished":"2020-10-05T13:00:10+00:00","dateModified":"2020-09-24T09:19:05+00:00","author":{"@id":"https:\/\/educar21.com\/inicio\/#\/schema\/person\/c29b3c1ec7b7e4678c7ae9f12e894c6d"},"description":"El uso de audio en educaci\u00f3n supone la existencia de elementos sonoros con contenidos educativos y una herramienta para crear audio como aqu\u00ed describimos...","breadcrumb":{"@id":"https:\/\/educar21.com\/inicio\/2020\/10\/05\/herramienta-para-crear-audio-o-podcast\/#breadcrumb"},"inLanguage":"es","potentialAction":[{"@type":"ReadAction","target":["https:\/\/educar21.com\/inicio\/2020\/10\/05\/herramienta-para-crear-audio-o-podcast\/"]}]},{"@type":"ImageObject","inLanguage":"es","@id":"https:\/\/educar21.com\/inicio\/2020\/10\/05\/herramienta-para-crear-audio-o-podcast\/#primaryimage","url":"https:\/\/educar21.com\/inicio\/wp-content\/uploads\/2020\/09\/UnaGranHerramientaCrearRecursosAudioPodcast-Educar21.png","contentUrl":"https:\/\/educar21.com\/inicio\/wp-content\/uploads\/2020\/09\/UnaGranHerramientaCrearRecursosAudioPodcast-Educar21.png","width":940,"height":788},{"@type":"BreadcrumbList","@id":"https:\/\/educar21.com\/inicio\/2020\/10\/05\/herramienta-para-crear-audio-o-podcast\/#breadcrumb","itemListElement":[{"@type":"ListItem","position":1,"name":"Portada","item":"https:\/\/educar21.com\/inicio\/"},{"@type":"ListItem","position":2,"name":"Una Estupenda Herramienta para Crear Audio o Podcast | Aplicaci\u00f3n"}]},{"@type":"WebSite","@id":"https:\/\/educar21.com\/inicio\/#website","url":"https:\/\/educar21.com\/inicio\/","name":"","description":"Transformamos la Educaci\u00f3n","potentialAction":[{"@type":"SearchAction","target":{"@type":"EntryPoint","urlTemplate":"https:\/\/educar21.com\/inicio\/?s={search_term_string}"},"query-input":{"@type":"PropertyValueSpecification","valueRequired":true,"valueName":"search_term_string"}}],"inLanguage":"es"},{"@type":"Person","@id":"https:\/\/educar21.com\/inicio\/#\/schema\/person\/c29b3c1ec7b7e4678c7ae9f12e894c6d","name":"Gesvin Romero","image":{"@type":"ImageObject","inLanguage":"es","@id":"https:\/\/educar21.com\/inicio\/#\/schema\/person\/image\/","url":"https:\/\/secure.gravatar.com\/avatar\/18d8233f18b7fc66b0a747262c12c0cf82a5915d51b9f54e19d920cc89e52f87?s=96&d=mm&r=g","contentUrl":"https:\/\/secure.gravatar.com\/avatar\/18d8233f18b7fc66b0a747262c12c0cf82a5915d51b9f54e19d920cc89e52f87?s=96&d=mm&r=g","caption":"Gesvin Romero"},"url":"https:\/\/educar21.com\/inicio\/author\/gesvin\/"}]}},"jetpack_featured_media_url":"","jetpack_publicize_connections":[],"jetpack_sharing_enabled":true,"jetpack_shortlink":"https:\/\/wp.me\/p7nnUF-w3","jetpack_likes_enabled":true,"_links":{"self":[{"href":"https:\/\/educar21.com\/inicio\/wp-json\/wp\/v2\/posts\/1987","targetHints":{"allow":["GET"]}}],"collection":[{"href":"https:\/\/educar21.com\/inicio\/wp-json\/wp\/v2\/posts"}],"about":[{"href":"https:\/\/educar21.com\/inicio\/wp-json\/wp\/v2\/types\/post"}],"author":[{"embeddable":true,"href":"https:\/\/educar21.com\/inicio\/wp-json\/wp\/v2\/users\/1"}],"replies":[{"embeddable":true,"href":"https:\/\/educar21.com\/inicio\/wp-json\/wp\/v2\/comments?post=1987"}],"version-history":[{"count":9,"href":"https:\/\/educar21.com\/inicio\/wp-json\/wp\/v2\/posts\/1987\/revisions"}],"predecessor-version":[{"id":1997,"href":"https:\/\/educar21.com\/inicio\/wp-json\/wp\/v2\/posts\/1987\/revisions\/1997"}],"wp:attachment":[{"href":"https:\/\/educar21.com\/inicio\/wp-json\/wp\/v2\/media?parent=1987"}],"wp:term":[{"taxonomy":"category","embeddable":true,"href":"https:\/\/educar21.com\/inicio\/wp-json\/wp\/v2\/categories?post=1987"},{"taxonomy":"post_tag","embeddable":true,"href":"https:\/\/educar21.com\/inicio\/wp-json\/wp\/v2\/tags?post=1987"}],"curies":[{"name":"wp","href":"https:\/\/api.w.org\/{rel}","templated":true}]}}