{"id":2006,"date":"2020-10-15T15:00:29","date_gmt":"2020-10-15T13:00:29","guid":{"rendered":"https:\/\/educar21.com\/inicio\/?p=2006"},"modified":"2020-10-15T12:03:20","modified_gmt":"2020-10-15T10:03:20","slug":"ensenanza-hibrida-claves-para-potenciar-el-diseno-instruccional","status":"publish","type":"post","link":"https:\/\/educar21.com\/inicio\/2020\/10\/15\/ensenanza-hibrida-claves-para-potenciar-el-diseno-instruccional\/","title":{"rendered":"Ense\u00f1anza H\u00edbrida &#8211; 6 Claves para Potenciar el Dise\u00f1o Instruccional | Infograf\u00eda"},"content":{"rendered":"\n<p><strong><em>Por Gesvin Romero.-<\/em><\/strong>  Debido a la actual coyuntura sanitaria, es seguro que la mayor\u00eda de los profesores vienen realizando o realizar\u00e1n alg\u00fan tipo de ense\u00f1anza en l\u00ednea de aqu\u00ed en adelante. Algunos tal vez lo hagan a tiempo completo y a otros les toque poner en pr\u00e1ctica alg\u00fan modelo de ense\u00f1anza h\u00edbrida. Pensando en ello, hemos querido compartir la entrada \u201c<strong>Ense\u00f1anza H\u00edbrida &#8211; 6 Claves para Potenciar el Dise\u00f1o Instruccional<\/strong>\u201d el cual es una invitaci\u00f3n para hacer una planificaci\u00f3n m\u00e1s reflexiva e intencional, cuestion\u00e1ndonos aspectos como \u00bfQu\u00e9 podemos hacer de manera diferente? o \u00bfQu\u00e9 cambios debemos hacer en nuestras pr\u00e1cticas de ense\u00f1anza presencial para aprovechar al m\u00e1ximo el aprendizaje en l\u00ednea?.<\/p>\n\n\n\n<div class=\"wp-block-image\"><figure class=\"aligncenter\"><img loading=\"lazy\" decoding=\"async\" width=\"800\" height=\"2000\" src=\"https:\/\/educar21.com\/inicio\/wp-content\/uploads\/2020\/10\/Ense\u00f1anzaH\u00edbrida6ClavesPotenciarDise\u00f1oInstruccional-Educar21.png\" alt=\"\" class=\"wp-image-2017\" srcset=\"https:\/\/educar21.com\/inicio\/wp-content\/uploads\/2020\/10\/Ense\u00f1anzaH\u00edbrida6ClavesPotenciarDise\u00f1oInstruccional-Educar21.png 800w, https:\/\/educar21.com\/inicio\/wp-content\/uploads\/2020\/10\/Ense\u00f1anzaH\u00edbrida6ClavesPotenciarDise\u00f1oInstruccional-Educar21-120x300.png 120w, https:\/\/educar21.com\/inicio\/wp-content\/uploads\/2020\/10\/Ense\u00f1anzaH\u00edbrida6ClavesPotenciarDise\u00f1oInstruccional-Educar21-768x1920.png 768w, https:\/\/educar21.com\/inicio\/wp-content\/uploads\/2020\/10\/Ense\u00f1anzaH\u00edbrida6ClavesPotenciarDise\u00f1oInstruccional-Educar21-410x1024.png 410w\" sizes=\"auto, (max-width: 800px) 100vw, 800px\" \/><\/figure><\/div>\n\n\n\n<h2 class=\"wp-block-heading\" style=\"text-align:center\">Descubre los mejores materiales para el aula del siglo XXI<\/h2>\n\n\n\n<p style=\"font-size:30px;text-align:center\"><a href=\"https:\/\/cuadrante21.educar21.com\/wp\/tienda\/\" target=\"_blank\" rel=\"noreferrer noopener\">TIENDA<\/a><\/p>\n\n\n\n<p><strong>APUNTES:<\/strong><\/p>\n\n\n\n<ol class=\"wp-block-list\"><li><strong>Colaboracion entre profesores<\/strong>.- Para asegurarnos que las lecciones y materiales entusiasmen y satisfagan las necesidades de los estudiantes; asociarnos y colaborar con otros colegas del \u00e1rea puede mejorar la planificaci\u00f3n instruccional, impulsar proyectos transversales as\u00ed como unificar esfuerzos para evitar la duplicidad del trabajo. Tenga en cuenta que con la colaboraci\u00f3n en l\u00ednea es probable que tengamos m\u00e1s oportunidades de reunirnos con personas con las que antes no ten\u00edamos el tiempo o el espacio para hacerlo.<\/li><li><strong>Tiempo en el aula<\/strong>.- En la ense\u00f1anza h\u00edbrida y generalmente en la formaci\u00f3n virtual, gran parte de las actividades se desarrollan de forma as\u00edncrona, de forma tal que los estudiantes puedan acceder a las mismas en cualquier momento. En este contexto, una estrategia que puede resultar eficaz para aprovechar mejor el tiempo, consiste en formar grupos estables de cuatro o cinco estudiantes para que trabajen juntos, logrando con ello una mayor eficacia adem\u00e1s de permitirles conocerse mejor y desarrollar lazos de confianza. Claro que eventualmente, los estudiantes pueden ser reorganizados para realizar otras actividades que permita inyectar un poco de variedad, pero los grupos estables deber\u00edan ser la base durante todo el per\u00edodo de formaci\u00f3n. Para acompa\u00f1ar mejor esta estrategia, la ense\u00f1anza deber\u00eda centrarse en acciones breves como conferencias, <a rel=\"noreferrer noopener\" aria-label=\"videos efectivos (opens in a new tab)\" href=\"https:\/\/educar21.com\/inicio\/2020\/09\/10\/formas-de-lograr-que-los-estudiantes-vean-los-videos\/\" target=\"_blank\">videos efectivos<\/a>, <a rel=\"noreferrer noopener\" aria-label=\"podcast (opens in a new tab)\" href=\"https:\/\/educar21.com\/inicio\/2020\/10\/05\/herramienta-para-crear-audio-o-podcast\/\" target=\"_blank\">podcast<\/a>, y lecturas \u00e1giles. Por ejemplo, <a rel=\"noreferrer noopener\" aria-label=\"el m\u00e9todo colaborativo Jigsaw (opens in a new tab)\" href=\"https:\/\/redsocial.rededuca.net\/el-metodo-jigsaw\" target=\"_blank\">el m\u00e9todo colaborativo Jigsaw<\/a> y el <a rel=\"noreferrer noopener\" aria-label=\"aprendizaje cooperativo (opens in a new tab)\" href=\"https:\/\/gesvin.wordpress.com\/2018\/11\/10\/aprendizaje-cooperativo-10-aspectos-esenciales-infografia\/\" target=\"_blank\">aprendizaje cooperativo<\/a>, ofrecen estructuras de trabajo compatibles con esta estrategia.<\/li><li><strong>Contenido<\/strong>.- El contenido debe simplificarse y ralentizarse debido a que la instrucci\u00f3n en l\u00ednea que forma parte de la ense\u00f1anza h\u00edbrida no es propicia para cubrir grandes cantidades de contenido, por lo que debemos elegirlos con cuidado para lograr ense\u00f1ar las cosas m\u00e1s importantes a un ritmo m\u00e1s lento. Para tomar esas decisiones, intente hacerse algunas preguntas clave como: \u00bfQu\u00e9 es lo realmente significativo para los estudiantes?, \u00bfA qu\u00e9 le tienen m\u00e1s resistencia?, \u00bfQu\u00e9 conocimiento es esencial?, \u00bfQu\u00e9 conocimientos y habilidades deben tener antes de pasar al siguiente nivel de aprendizaje o clase?. Modelos como el <a rel=\"noreferrer noopener\" aria-label=\"microaprendizaje o microlearning (opens in a new tab)\" href=\"https:\/\/gesvin.wordpress.com\/2020\/01\/17\/microlearning-una-nueva-forma-de-educar-articulo\/\" target=\"_blank\">microaprendizaje o microlearning<\/a> puede darle unas excelentes pistas de como conseguir que su contenido sea m\u00e1s efectivo.<\/li><li><strong>Instrucciones<\/strong>.- Debido a que no se encuentra en la misma sala con sus estudiantes, las instrucciones sobre como realizar una determinada tarea y\/o actividad deben ser: f\u00e1ciles de encontrar, expl\u00edcitas y multimodales. Para que sean f\u00e1ciles de encontrar, configure las lecciones para que los estudiantes sepan d\u00f3nde encontrar las instrucciones en todo momento. Para hacerlas expl\u00edcitas, lea y vuelva a leer las instrucciones para asegurarse de que sean lo m\u00e1s claras posible. Para hacerlas multimodal proporcione (dentro de lo posible) instrucciones escritas, en audio y en video, de modo que los estudiantes puedan elegir el formato que mejor se adapte a sus necesidades; y si lo considera necesario tambi\u00e9n puede ofrecer una reuni\u00f3n sincr\u00f3nica semanal o diaria para este mismo fin.<\/li><li><strong>Retroalimentaci\u00f3n<\/strong>.- Cuando ense\u00f1e de forma remota, ponga \u00e9nfasis en la retroalimentaci\u00f3n formativa a medida que los estudiantes trabajan con sus tareas, en lugar de simplemente calificarlas al final. La mayor\u00eda de las plataformas de gesti\u00f3n del aprendizaje cuentan con funciones integradas para realizar comentarios. \u00daselos como su m\u00e9todo principal para proporcionar <a rel=\"noreferrer noopener\" aria-label=\"retroalimentaci\u00f3n del aprendizaje (opens in a new tab)\" href=\"https:\/\/gesvin.wordpress.com\/2018\/09\/18\/retroalimentacion-del-aprendizaje-como-recurso-didactico-articulo\/\" target=\"_blank\">retroalimentaci\u00f3n del aprendizaje<\/a>.<\/li><li><strong>Evaluaci\u00f3n<\/strong>.- En el aprendizaje en l\u00ednea, hay muchas formas en que los estudiantes pueden hacer trampa, por lo que si tan solo les entregamos un cuestionario o un examen tradicional, es muy f\u00e1cil para ellos buscar las respuestas. Una efectiva soluci\u00f3n a este problema es hacer que los estudiantes creen cosas (producto final), dado que es m\u00e1s dif\u00edcil hacer trampa cuando tienes que hacer algo. Estos pueden ser videos, <a rel=\"noreferrer noopener\" aria-label=\"podcasts (opens in a new tab)\" href=\"https:\/\/gesvin.wordpress.com\/2019\/01\/04\/podcasts-educativos-5-recomendaciones-para-elaborarlos-articulo\/\" target=\"_blank\">podcasts<\/a>, art\u00edculos escritos, <a rel=\"noreferrer noopener\" aria-label=\"videos narrados (opens in a new tab)\" href=\"https:\/\/educar21.com\/inicio\/2020\/09\/28\/como-crear-videos-narrados\/\" target=\"_blank\">videos narrados<\/a>, <a rel=\"noreferrer noopener\" aria-label=\"c\u00f3mics (opens in a new tab)\" href=\"https:\/\/gesvin.wordpress.com\/2018\/06\/03\/comics-en-el-aula-10-herramientas-tic-para-crearlos-infografia\/\" target=\"_blank\">c\u00f3mics<\/a>, u otros <a rel=\"noreferrer noopener\" aria-label=\"artefactos digitales (opens in a new tab)\" href=\"https:\/\/gesvin.wordpress.com\/2016\/05\/06\/artefactos-digitales-formas-de-representar-el-conocimiento-presentacion\/\" target=\"_blank\">artefactos digitales<\/a>. Y claro est\u00e1, se  recomienda utilizar una r\u00fabrica detallada que resalte los objetivos de aprendizaje que mostrar\u00e1 el producto final.<\/li><\/ol>\n\n\n\n<p><strong>CONCLUSI\u00d3N:<\/strong><\/p>\n\n\n\n<p>Puede que el entorno de ense\u00f1anza no sea el mismo al que estamos habituados, pero es importante recordar que una buena ense\u00f1anza sigue siendo una buena ense\u00f1anza, sea esta presencial, en l\u00ednea o bajo alguna tipolog\u00eda de ense\u00f1anza h\u00edbrida. Tengamos presente que todas esas cosas que sabemos hacer en modalidad presencial y que son realmente buenas pr\u00e1cticas, tambi\u00e9n son susceptibles de trasladarse al mundo virtual, claro, puede que se vean un poco diferente pero eso no significa que dejen de ser efectivas.<\/p>\n\n\n\n<p><strong>REFERENCIAS:<\/strong><\/p>\n\n\n\n<ul class=\"wp-block-list\"><li>Bartolome , A. (2004). Blended learning. Conceptos ba sicos. P\u00edxel-Bit. Revista de Medios y Educaci\u00f3n, 23, pp. 7-20.<\/li><li> Bicen, H., Ozdamli, F. y Uzunboylu, H. (2014), Online and Blended Learning Approach on Instructional Multimedia Development Courses in Teacher Education. Interactive Learning Environments, 22(4), pp. 529-548.<\/li><li> Bonk, C. J., y Graham, C. R. (2004). Handbook of blended learning: Global Perspectives, local designs.San Francisco, CA: Pfeiffer-An Imprint of Wiley.<\/li><li> Cobo, C. y Moravec, J. (2011). Aprendizaje Invisible. Hacia una nueva ecolog\u00eda de la educaci\u00f3n. Barcelona: Publicacions i Edicions de la Universitat de Barcelona.<\/li><li> Donnelly, R. (2010). Harmonizing Technology with Interaction in Blended Problem-Based Learning. Computers   &amp;   Education, 54   (2),   pp. 350\u201359. https:\/\/doi.org\/10.1016\/j.compedu.2009.08.012<\/li><\/ul>\n\n\n\n<p><strong>\u00a1Saludos y nos estamos leyendo!<\/strong><\/p>\n\n\n\n<p><strong>Revise tambi\u00e9n:<\/strong><\/p>\n\n\n\n<ol class=\"wp-block-list\"><li> <a rel=\"noreferrer noopener\" href=\"https:\/\/gesvin.wordpress.com\/2015\/05\/23\/aula-invertida-mejorando-el-aprendizaje-combinado-presentacion\/\" target=\"_blank\">Aula Invertida \u2013 Mejorando el Aprendizaje Combinado o Blended Learning<\/a><\/li><li><a rel=\"noreferrer noopener\" href=\"https:\/\/gesvin.wordpress.com\/2015\/03\/07\/que-es-la-educacion-hibrida-o-blended-learning-infografia\/\" target=\"_blank\">\u00bfQu\u00e9 es la Educaci\u00f3n H\u00edbrida o Blended Learning?<\/a><\/li><li> <a rel=\"noreferrer noopener\" href=\"https:\/\/gesvin.wordpress.com\/2012\/11\/02\/compromiso-estrategias-para-enfrentar-la-pieza-faltante-del-blended-learning\/\" target=\"_blank\">Aprendizaje Combinado o Blended Learning \u2013 Estrategias para Comprometer a Profesores y Alumnos<\/a><\/li><li><a rel=\"noreferrer noopener\" href=\"https:\/\/gesvin.wordpress.com\/2015\/08\/25\/10-conceptos-que-te-ayudaran-a-entender-el-modelo-de-aula-invertida-articulo\/\" target=\"_blank\">10 Conceptos que te Ayudar\u00e1n a Entender el Modelo de Aula Invertida<\/a><\/li><li><a rel=\"noreferrer noopener\" href=\"https:\/\/gesvin.wordpress.com\/2015\/08\/08\/como-funciona-un-entorno-de-aprendizaje-virtual-video\/\" target=\"_blank\">\u00bfC\u00f3mo Funciona un Entorno de Aprendizaje Virtual?<\/a><\/li><li><a rel=\"noreferrer noopener\" href=\"https:\/\/gesvin.wordpress.com\/2015\/08\/05\/educacion-presencial-vs-educacion-a-distancia-video\/\" target=\"_blank\">Educaci\u00f3n Presencial vs Educaci\u00f3n en L\u00ednea \u2013 Principales Aspectos y Diferencias<\/a><\/li><\/ol>\n\n\n\n<p> <strong>Aproveche las mejores OFERTAS en materiales educativos<\/strong> <\/p>\n\n\n\n<ol class=\"wp-block-list\"><li><a rel=\"noreferrer noopener\" aria-label=\"Encuesta de Conectividad para Estudiantes (opens in a new tab)\" href=\"https:\/\/cuadrante21.educar21.com\/wp\/producto\/encuesta-de-conectividad-para-estudiantes\/\" target=\"_blank\">Encuesta de Conectividad para Estudiantes<\/a> <\/li><li><a rel=\"noreferrer noopener\" href=\"https:\/\/cuadrante21.educar21.com\/wp\/producto\/kit-para-formular-preguntas-generadoras\/\" target=\"_blank\">Kit para Formular Preguntas Generadoras <\/a><\/li><li> <a rel=\"noreferrer noopener\" href=\"https:\/\/cuadrante21.educar21.com\/wp\/producto\/hoja-electronica-para-crear-objetivos-de-aprendizaje\/\" target=\"_blank\">Hoja Electr\u00f3nica para Crear Objetivos de Aprendizaje<\/a> <\/li><li> <a rel=\"noreferrer noopener\" href=\"https:\/\/cuadrante21.educar21.com\/wp\/producto\/kit-para-redactar-objetivos-de-aprendizaje\/\" target=\"_blank\">Kit para Redactar Objetivos de Aprendizaje<\/a> <\/li><li> <a rel=\"noreferrer noopener\" href=\"https:\/\/cuadrante21.educar21.com\/wp\/producto\/kit-para-formular-competencias-imprimibles\/\" target=\"_blank\">Kit para Formular Competencias<\/a> <\/li><li> <a rel=\"noreferrer noopener\" href=\"https:\/\/cuadrante21.educar21.com\/wp\/producto\/kit-desarrollar-los-elementos-del-pensamiento-critico\/\" target=\"_blank\">Kit para Desarrollar el Pensamiento Cr\u00edtico<\/a> <\/li><\/ol>\n\n\n\n<p><strong>M\u00e1s materiales:<\/strong> <a href=\"https:\/\/cuadrante21.educar21.com\/wp\/tienda\/\" target=\"_blank\" rel=\"noreferrer noopener\">AQU\u00cd<\/a><\/p>\n","protected":false},"excerpt":{"rendered":"<p>Por Gesvin Romero.- Debido a la actual coyuntura sanitaria, es seguro que la mayor\u00eda de los profesores vienen realizando o realizar\u00e1n alg\u00fan tipo de ense\u00f1anza en l\u00ednea de aqu\u00ed en adelante. Algunos tal vez lo hagan a tiempo completo y a otros les toque poner en pr\u00e1ctica alg\u00fan modelo de [&hellip;]<\/p>\n","protected":false},"author":1,"featured_media":0,"comment_status":"open","ping_status":"open","sticky":false,"template":"","format":"standard","meta":{"_themeisle_gutenberg_block_has_review":false,"spay_email":"","footnotes":"","jetpack_publicize_message":"","jetpack_is_tweetstorm":false,"jetpack_publicize_feature_enabled":true},"categories":[24,45],"tags":[435,36,13,26,27,436,437,438,445,15,44],"class_list":["post-2006","post","type-post","status-publish","format-standard","hentry","category-desafios-educativos-del-siglo-xxi","category-estrategias-de-ensenanza-aprendizaje","tag-como-lograr-que-los-estudiantes-vean-los-videos","tag-desafios-educativos","tag-desafios-educativos-del-siglo-xxi","tag-educacion","tag-educacion-del-siglo-xxi","tag-educacion-primaria","tag-educacion-secundaria","tag-educacion-superior","tag-habilidades-basicas-del-aula-del-siglo-xxi","tag-innovacion-educativa","tag-tecnologia-educativa"],"yoast_head":"<!-- This site is optimized with the Yoast SEO plugin v23.5 - https:\/\/yoast.com\/wordpress\/plugins\/seo\/ -->\n<title>Ense\u00f1anza H\u00edbrida - 6 Claves para Potenciar el Dise\u00f1o Instruccional | Infograf\u00eda -<\/title>\n<meta name=\"description\" content=\"Ense\u00f1anza h\u00edbrida 6 claves para potenciar el dise\u00f1o instruccional es una invitaci\u00f3n para hacer una planificaci\u00f3n m\u00e1s reflexiva cuestion\u00e1ndonos aspectos como\" \/>\n<meta name=\"robots\" content=\"index, follow, max-snippet:-1, max-image-preview:large, max-video-preview:-1\" \/>\n<link rel=\"canonical\" href=\"https:\/\/educar21.com\/inicio\/2020\/10\/15\/ensenanza-hibrida-claves-para-potenciar-el-diseno-instruccional\/\" \/>\n<meta property=\"og:locale\" content=\"es_ES\" \/>\n<meta property=\"og:type\" content=\"article\" \/>\n<meta property=\"og:title\" content=\"Ense\u00f1anza H\u00edbrida - 6 Claves para Potenciar el Dise\u00f1o Instruccional | Infograf\u00eda -\" \/>\n<meta property=\"og:description\" content=\"Ense\u00f1anza h\u00edbrida 6 claves para potenciar el dise\u00f1o instruccional es una invitaci\u00f3n para hacer una planificaci\u00f3n m\u00e1s reflexiva cuestion\u00e1ndonos aspectos como\" \/>\n<meta property=\"og:url\" content=\"https:\/\/educar21.com\/inicio\/2020\/10\/15\/ensenanza-hibrida-claves-para-potenciar-el-diseno-instruccional\/\" \/>\n<meta property=\"article:published_time\" content=\"2020-10-15T13:00:29+00:00\" \/>\n<meta property=\"article:modified_time\" content=\"2020-10-15T10:03:20+00:00\" \/>\n<meta name=\"author\" content=\"Gesvin Romero\" \/>\n<meta name=\"twitter:card\" content=\"summary_large_image\" \/>\n<meta name=\"twitter:label1\" content=\"Escrito por\" \/>\n\t<meta name=\"twitter:data1\" content=\"Gesvin Romero\" \/>\n\t<meta name=\"twitter:label2\" content=\"Tiempo de lectura\" \/>\n\t<meta name=\"twitter:data2\" content=\"6 minutos\" \/>\n<script type=\"application\/ld+json\" class=\"yoast-schema-graph\">{\"@context\":\"https:\/\/schema.org\",\"@graph\":[{\"@type\":\"WebPage\",\"@id\":\"https:\/\/educar21.com\/inicio\/2020\/10\/15\/ensenanza-hibrida-claves-para-potenciar-el-diseno-instruccional\/\",\"url\":\"https:\/\/educar21.com\/inicio\/2020\/10\/15\/ensenanza-hibrida-claves-para-potenciar-el-diseno-instruccional\/\",\"name\":\"Ense\u00f1anza H\u00edbrida - 6 Claves para Potenciar el Dise\u00f1o Instruccional | Infograf\u00eda -\",\"isPartOf\":{\"@id\":\"https:\/\/educar21.com\/inicio\/#website\"},\"datePublished\":\"2020-10-15T13:00:29+00:00\",\"dateModified\":\"2020-10-15T10:03:20+00:00\",\"author\":{\"@id\":\"https:\/\/educar21.com\/inicio\/#\/schema\/person\/c29b3c1ec7b7e4678c7ae9f12e894c6d\"},\"description\":\"Ense\u00f1anza h\u00edbrida 6 claves para potenciar el dise\u00f1o instruccional es una invitaci\u00f3n para hacer una planificaci\u00f3n m\u00e1s reflexiva cuestion\u00e1ndonos aspectos como\",\"breadcrumb\":{\"@id\":\"https:\/\/educar21.com\/inicio\/2020\/10\/15\/ensenanza-hibrida-claves-para-potenciar-el-diseno-instruccional\/#breadcrumb\"},\"inLanguage\":\"es\",\"potentialAction\":[{\"@type\":\"ReadAction\",\"target\":[\"https:\/\/educar21.com\/inicio\/2020\/10\/15\/ensenanza-hibrida-claves-para-potenciar-el-diseno-instruccional\/\"]}]},{\"@type\":\"BreadcrumbList\",\"@id\":\"https:\/\/educar21.com\/inicio\/2020\/10\/15\/ensenanza-hibrida-claves-para-potenciar-el-diseno-instruccional\/#breadcrumb\",\"itemListElement\":[{\"@type\":\"ListItem\",\"position\":1,\"name\":\"Portada\",\"item\":\"https:\/\/educar21.com\/inicio\/\"},{\"@type\":\"ListItem\",\"position\":2,\"name\":\"Ense\u00f1anza H\u00edbrida &#8211; 6 Claves para Potenciar el Dise\u00f1o Instruccional | Infograf\u00eda\"}]},{\"@type\":\"WebSite\",\"@id\":\"https:\/\/educar21.com\/inicio\/#website\",\"url\":\"https:\/\/educar21.com\/inicio\/\",\"name\":\"\",\"description\":\"Transformamos la Educaci\u00f3n\",\"potentialAction\":[{\"@type\":\"SearchAction\",\"target\":{\"@type\":\"EntryPoint\",\"urlTemplate\":\"https:\/\/educar21.com\/inicio\/?s={search_term_string}\"},\"query-input\":{\"@type\":\"PropertyValueSpecification\",\"valueRequired\":true,\"valueName\":\"search_term_string\"}}],\"inLanguage\":\"es\"},{\"@type\":\"Person\",\"@id\":\"https:\/\/educar21.com\/inicio\/#\/schema\/person\/c29b3c1ec7b7e4678c7ae9f12e894c6d\",\"name\":\"Gesvin Romero\",\"image\":{\"@type\":\"ImageObject\",\"inLanguage\":\"es\",\"@id\":\"https:\/\/educar21.com\/inicio\/#\/schema\/person\/image\/\",\"url\":\"https:\/\/secure.gravatar.com\/avatar\/18d8233f18b7fc66b0a747262c12c0cf82a5915d51b9f54e19d920cc89e52f87?s=96&d=mm&r=g\",\"contentUrl\":\"https:\/\/secure.gravatar.com\/avatar\/18d8233f18b7fc66b0a747262c12c0cf82a5915d51b9f54e19d920cc89e52f87?s=96&d=mm&r=g\",\"caption\":\"Gesvin Romero\"},\"url\":\"https:\/\/educar21.com\/inicio\/author\/gesvin\/\"}]}<\/script>\n<!-- \/ Yoast SEO plugin. -->","yoast_head_json":{"title":"Ense\u00f1anza H\u00edbrida - 6 Claves para Potenciar el Dise\u00f1o Instruccional | Infograf\u00eda -","description":"Ense\u00f1anza h\u00edbrida 6 claves para potenciar el dise\u00f1o instruccional es una invitaci\u00f3n para hacer una planificaci\u00f3n m\u00e1s reflexiva cuestion\u00e1ndonos aspectos como","robots":{"index":"index","follow":"follow","max-snippet":"max-snippet:-1","max-image-preview":"max-image-preview:large","max-video-preview":"max-video-preview:-1"},"canonical":"https:\/\/educar21.com\/inicio\/2020\/10\/15\/ensenanza-hibrida-claves-para-potenciar-el-diseno-instruccional\/","og_locale":"es_ES","og_type":"article","og_title":"Ense\u00f1anza H\u00edbrida - 6 Claves para Potenciar el Dise\u00f1o Instruccional | Infograf\u00eda -","og_description":"Ense\u00f1anza h\u00edbrida 6 claves para potenciar el dise\u00f1o instruccional es una invitaci\u00f3n para hacer una planificaci\u00f3n m\u00e1s reflexiva cuestion\u00e1ndonos aspectos como","og_url":"https:\/\/educar21.com\/inicio\/2020\/10\/15\/ensenanza-hibrida-claves-para-potenciar-el-diseno-instruccional\/","article_published_time":"2020-10-15T13:00:29+00:00","article_modified_time":"2020-10-15T10:03:20+00:00","author":"Gesvin Romero","twitter_card":"summary_large_image","twitter_misc":{"Escrito por":"Gesvin Romero","Tiempo de lectura":"6 minutos"},"schema":{"@context":"https:\/\/schema.org","@graph":[{"@type":"WebPage","@id":"https:\/\/educar21.com\/inicio\/2020\/10\/15\/ensenanza-hibrida-claves-para-potenciar-el-diseno-instruccional\/","url":"https:\/\/educar21.com\/inicio\/2020\/10\/15\/ensenanza-hibrida-claves-para-potenciar-el-diseno-instruccional\/","name":"Ense\u00f1anza H\u00edbrida - 6 Claves para Potenciar el Dise\u00f1o Instruccional | Infograf\u00eda -","isPartOf":{"@id":"https:\/\/educar21.com\/inicio\/#website"},"datePublished":"2020-10-15T13:00:29+00:00","dateModified":"2020-10-15T10:03:20+00:00","author":{"@id":"https:\/\/educar21.com\/inicio\/#\/schema\/person\/c29b3c1ec7b7e4678c7ae9f12e894c6d"},"description":"Ense\u00f1anza h\u00edbrida 6 claves para potenciar el dise\u00f1o instruccional es una invitaci\u00f3n para hacer una planificaci\u00f3n m\u00e1s reflexiva cuestion\u00e1ndonos aspectos como","breadcrumb":{"@id":"https:\/\/educar21.com\/inicio\/2020\/10\/15\/ensenanza-hibrida-claves-para-potenciar-el-diseno-instruccional\/#breadcrumb"},"inLanguage":"es","potentialAction":[{"@type":"ReadAction","target":["https:\/\/educar21.com\/inicio\/2020\/10\/15\/ensenanza-hibrida-claves-para-potenciar-el-diseno-instruccional\/"]}]},{"@type":"BreadcrumbList","@id":"https:\/\/educar21.com\/inicio\/2020\/10\/15\/ensenanza-hibrida-claves-para-potenciar-el-diseno-instruccional\/#breadcrumb","itemListElement":[{"@type":"ListItem","position":1,"name":"Portada","item":"https:\/\/educar21.com\/inicio\/"},{"@type":"ListItem","position":2,"name":"Ense\u00f1anza H\u00edbrida &#8211; 6 Claves para Potenciar el Dise\u00f1o Instruccional | Infograf\u00eda"}]},{"@type":"WebSite","@id":"https:\/\/educar21.com\/inicio\/#website","url":"https:\/\/educar21.com\/inicio\/","name":"","description":"Transformamos la Educaci\u00f3n","potentialAction":[{"@type":"SearchAction","target":{"@type":"EntryPoint","urlTemplate":"https:\/\/educar21.com\/inicio\/?s={search_term_string}"},"query-input":{"@type":"PropertyValueSpecification","valueRequired":true,"valueName":"search_term_string"}}],"inLanguage":"es"},{"@type":"Person","@id":"https:\/\/educar21.com\/inicio\/#\/schema\/person\/c29b3c1ec7b7e4678c7ae9f12e894c6d","name":"Gesvin Romero","image":{"@type":"ImageObject","inLanguage":"es","@id":"https:\/\/educar21.com\/inicio\/#\/schema\/person\/image\/","url":"https:\/\/secure.gravatar.com\/avatar\/18d8233f18b7fc66b0a747262c12c0cf82a5915d51b9f54e19d920cc89e52f87?s=96&d=mm&r=g","contentUrl":"https:\/\/secure.gravatar.com\/avatar\/18d8233f18b7fc66b0a747262c12c0cf82a5915d51b9f54e19d920cc89e52f87?s=96&d=mm&r=g","caption":"Gesvin Romero"},"url":"https:\/\/educar21.com\/inicio\/author\/gesvin\/"}]}},"jetpack_featured_media_url":"","jetpack_publicize_connections":[],"jetpack_sharing_enabled":true,"jetpack_shortlink":"https:\/\/wp.me\/p7nnUF-wm","jetpack_likes_enabled":true,"_links":{"self":[{"href":"https:\/\/educar21.com\/inicio\/wp-json\/wp\/v2\/posts\/2006","targetHints":{"allow":["GET"]}}],"collection":[{"href":"https:\/\/educar21.com\/inicio\/wp-json\/wp\/v2\/posts"}],"about":[{"href":"https:\/\/educar21.com\/inicio\/wp-json\/wp\/v2\/types\/post"}],"author":[{"embeddable":true,"href":"https:\/\/educar21.com\/inicio\/wp-json\/wp\/v2\/users\/1"}],"replies":[{"embeddable":true,"href":"https:\/\/educar21.com\/inicio\/wp-json\/wp\/v2\/comments?post=2006"}],"version-history":[{"count":9,"href":"https:\/\/educar21.com\/inicio\/wp-json\/wp\/v2\/posts\/2006\/revisions"}],"predecessor-version":[{"id":2019,"href":"https:\/\/educar21.com\/inicio\/wp-json\/wp\/v2\/posts\/2006\/revisions\/2019"}],"wp:attachment":[{"href":"https:\/\/educar21.com\/inicio\/wp-json\/wp\/v2\/media?parent=2006"}],"wp:term":[{"taxonomy":"category","embeddable":true,"href":"https:\/\/educar21.com\/inicio\/wp-json\/wp\/v2\/categories?post=2006"},{"taxonomy":"post_tag","embeddable":true,"href":"https:\/\/educar21.com\/inicio\/wp-json\/wp\/v2\/tags?post=2006"}],"curies":[{"name":"wp","href":"https:\/\/api.w.org\/{rel}","templated":true}]}}