{"id":27,"date":"2016-03-22T04:43:38","date_gmt":"2016-03-22T04:43:38","guid":{"rendered":"http:\/\/educar21.com\/inicio\/?p=27"},"modified":"2019-05-04T12:31:46","modified_gmt":"2019-05-04T12:31:46","slug":"dispositivos-moviles-en-el-aula","status":"publish","type":"post","link":"https:\/\/educar21.com\/inicio\/2016\/03\/22\/dispositivos-moviles-en-el-aula\/","title":{"rendered":"6 Tips para Coexistir con los Dispositivos M\u00f3viles en el Aula | Infograf\u00eda"},"content":{"rendered":"<p>Hola:<\/p>\n<p>Compartimos una interesante infograf\u00eda sobre \u00ab<strong>6 Tips para Coexistir con los Dispositivos M\u00f3viles en el Aula<\/strong>\u00bb<\/p>\n<p>Un gran saludo.<\/p>\n<p><img loading=\"lazy\" decoding=\"async\" class=\"aligncenter wp-image-1902 size-full\" src=\"https:\/\/educar21.com\/inicio\/wp-content\/uploads\/2016\/03\/6TipsCoexistirDispositivosM\u00f3vilesAula-Infograf\u00eda-Educar21.jpeg\" alt=\"Dispositivos m\u00f3viles en el aula\" width=\"800\" height=\"1228\" srcset=\"https:\/\/educar21.com\/inicio\/wp-content\/uploads\/2016\/03\/6TipsCoexistirDispositivosM\u00f3vilesAula-Infograf\u00eda-Educar21.jpeg 800w, https:\/\/educar21.com\/inicio\/wp-content\/uploads\/2016\/03\/6TipsCoexistirDispositivosM\u00f3vilesAula-Infograf\u00eda-Educar21-195x300.jpeg 195w, https:\/\/educar21.com\/inicio\/wp-content\/uploads\/2016\/03\/6TipsCoexistirDispositivosM\u00f3vilesAula-Infograf\u00eda-Educar21-768x1179.jpeg 768w, https:\/\/educar21.com\/inicio\/wp-content\/uploads\/2016\/03\/6TipsCoexistirDispositivosM\u00f3vilesAula-Infograf\u00eda-Educar21-667x1024.jpeg 667w\" sizes=\"auto, (max-width: 800px) 100vw, 800px\" \/><\/p>\n<p><strong>Tambi\u00e9n le puede interesar:<\/strong><\/p>\n<ol>\n<li><a href=\"https:\/\/gesvin.wordpress.com\/2016\/02\/20\/45-ideas-para-usar-la-camara-del-movil-en-el-aula-presentacion\/\" target=\"_blank\" rel=\"noopener noreferrer\">45 Ideas para Usar la C\u00e1mara del M\u00f3vil en el Aula<\/a><\/li>\n<li><a href=\"https:\/\/gesvin.wordpress.com\/2016\/02\/05\/aprendizaje-movil-5-ventajas-de-aplicarlo-infografia\/\" target=\"_blank\" rel=\"noopener noreferrer\">Aprendizaje M\u00f3vil \u2013 5 Ventajas de Aplicarlo<\/a><\/li>\n<li><a href=\"https:\/\/gesvin.wordpress.com\/2016\/01\/22\/aprendizaje-movil-metodologia-y-caracteristicas-clave-presentacion\/\" target=\"_blank\" rel=\"noopener noreferrer\">Aprendizaje M\u00f3vil \u2013 Metodolog\u00eda y Caracter\u00edsticas Clave<\/a><\/li>\n<li><a href=\"https:\/\/gesvin.wordpress.com\/2016\/01\/20\/12-estupendas-aplicaciones-educativas-para-ninos-aprendizaje-movil-articulo\/\" target=\"_blank\" rel=\"noopener noreferrer\">12 Estupendas Aplicaciones Educativas para Ni\u00f1os \u2013 Aprendizaje M\u00f3vil<\/a><\/li>\n<li><a href=\"https:\/\/gesvin.wordpress.com\/2016\/01\/15\/tabletas-en-la-escuela-estrategias-para-activar-el-aprendizaje-movil-ebook\/\" target=\"_blank\" rel=\"noopener noreferrer\">Tabletas en la Escuela \u2013 Estrategias para Activar el Aprendizaje M\u00f3vil<\/a><\/li>\n<\/ol>\n<p><strong>Aproveche las mejores OFERTAS en materiales educativos<\/strong><\/p>\n<ol>\n<li><a href=\"https:\/\/cuadrante21.educar21.com\/wp\/producto\/kit-para-formular-preguntas-generadoras\/\" target=\"_blank\" rel=\"noopener noreferrer\">Kit para Formular Preguntas Generadoras <\/a><span style=\"color: #ff0000;\"><strong><em>(Nuevo)<\/em><\/strong><\/span><\/li>\n<li><a href=\"https:\/\/cuadrante21.educar21.com\/wp\/producto\/hoja-electronica-para-crear-objetivos-de-aprendizaje\/\" target=\"_blank\" rel=\"noopener noreferrer\">Hoja Electr\u00f3nica para Crear Objetivos de Aprendizaje<\/a><\/li>\n<li><a href=\"https:\/\/cuadrante21.educar21.com\/wp\/producto\/kit-para-redactar-objetivos-de-aprendizaje\/\" target=\"_blank\" rel=\"noopener noreferrer\">Kit para Redactar Objetivos de Aprendizaje<\/a><\/li>\n<li><a href=\"https:\/\/cuadrante21.educar21.com\/wp\/producto\/kit-para-formular-competencias-imprimibles\/\" target=\"_blank\" rel=\"noopener noreferrer\">Kit para Formular Competencias<\/a><\/li>\n<li><a href=\"https:\/\/cuadrante21.educar21.com\/wp\/producto\/kit-desarrollar-los-elementos-del-pensamiento-critico\/\" target=\"_blank\" rel=\"noopener noreferrer\">Kit para Desarrollar el Pensamiento Cr\u00edtico<\/a><\/li>\n<li><a href=\"https:\/\/cuadrante21.educar21.com\/wp\/producto\/trucos-para-lograr-la-atencion-de-los-alumnos\/\" target=\"_blank\" rel=\"noopener noreferrer\">13 Efectivos Trucos para Lograr la Atenci\u00f3n de los Alumnos<\/a><\/li>\n<\/ol>\n<p><strong>M\u00e1s materiales:<\/strong> <a href=\"https:\/\/cuadrante21.educar21.com\/wp\/tienda\/\" target=\"_blank\" rel=\"noopener noreferrer\">AQU\u00cd<\/a><\/p>\n","protected":false},"excerpt":{"rendered":"<p>Hola: Compartimos una interesante infograf\u00eda sobre \u00ab6 Tips para Coexistir con los Dispositivos M\u00f3viles en el Aula\u00bb Un gran saludo. Tambi\u00e9n le puede interesar: 45 Ideas para Usar la C\u00e1mara del M\u00f3vil en el Aula Aprendizaje M\u00f3vil \u2013 5 Ventajas de Aplicarlo Aprendizaje M\u00f3vil \u2013 Metodolog\u00eda y Caracter\u00edsticas Clave 12 [&hellip;]<\/p>\n","protected":false},"author":1,"featured_media":0,"comment_status":"open","ping_status":"open","sticky":false,"template":"","format":"standard","meta":{"_themeisle_gutenberg_block_has_review":false,"spay_email":"","footnotes":"","jetpack_publicize_message":"","jetpack_is_tweetstorm":false,"jetpack_publicize_feature_enabled":true},"categories":[20],"tags":[21,13,22],"class_list":["post-27","post","type-post","status-publish","format-standard","hentry","category-aprendizaje-movil","tag-aprendizaje-movil","tag-desafios-educativos-del-siglo-xxi","tag-dispositivos-moviles-en-el-aula"],"yoast_head":"<!-- This site is optimized with the Yoast SEO plugin v23.5 - https:\/\/yoast.com\/wordpress\/plugins\/seo\/ -->\n<title>6 Tips para Coexistir con los Dispositivos M\u00f3viles en el Aula | Infograf\u00eda -<\/title>\n<meta name=\"description\" content=\"El gran potencial de los dispositivos m\u00f3viles en el aula es que son actualmente el principal portal de la comunicaci\u00f3n social...\" \/>\n<meta name=\"robots\" content=\"index, follow, max-snippet:-1, max-image-preview:large, max-video-preview:-1\" \/>\n<link rel=\"canonical\" href=\"https:\/\/educar21.com\/inicio\/2016\/03\/22\/dispositivos-moviles-en-el-aula\/\" \/>\n<meta property=\"og:locale\" content=\"es_ES\" \/>\n<meta property=\"og:type\" content=\"article\" \/>\n<meta property=\"og:title\" content=\"6 Tips para Coexistir con los Dispositivos M\u00f3viles en el Aula | Infograf\u00eda -\" \/>\n<meta property=\"og:description\" content=\"El gran potencial de los dispositivos m\u00f3viles en el aula es que son actualmente el principal portal de la comunicaci\u00f3n social...\" \/>\n<meta property=\"og:url\" content=\"https:\/\/educar21.com\/inicio\/2016\/03\/22\/dispositivos-moviles-en-el-aula\/\" \/>\n<meta property=\"article:published_time\" content=\"2016-03-22T04:43:38+00:00\" \/>\n<meta property=\"article:modified_time\" content=\"2019-05-04T12:31:46+00:00\" \/>\n<meta name=\"author\" content=\"Gesvin Romero\" \/>\n<meta name=\"twitter:card\" content=\"summary_large_image\" \/>\n<meta name=\"twitter:label1\" content=\"Escrito por\" \/>\n\t<meta name=\"twitter:data1\" content=\"Gesvin Romero\" \/>\n\t<meta name=\"twitter:label2\" content=\"Tiempo de lectura\" \/>\n\t<meta name=\"twitter:data2\" content=\"1 minuto\" \/>\n<script type=\"application\/ld+json\" class=\"yoast-schema-graph\">{\"@context\":\"https:\/\/schema.org\",\"@graph\":[{\"@type\":\"WebPage\",\"@id\":\"https:\/\/educar21.com\/inicio\/2016\/03\/22\/dispositivos-moviles-en-el-aula\/\",\"url\":\"https:\/\/educar21.com\/inicio\/2016\/03\/22\/dispositivos-moviles-en-el-aula\/\",\"name\":\"6 Tips para Coexistir con los Dispositivos M\u00f3viles en el Aula | Infograf\u00eda -\",\"isPartOf\":{\"@id\":\"https:\/\/educar21.com\/inicio\/#website\"},\"datePublished\":\"2016-03-22T04:43:38+00:00\",\"dateModified\":\"2019-05-04T12:31:46+00:00\",\"author\":{\"@id\":\"https:\/\/educar21.com\/inicio\/#\/schema\/person\/c29b3c1ec7b7e4678c7ae9f12e894c6d\"},\"description\":\"El gran potencial de los dispositivos m\u00f3viles en el aula es que son actualmente el principal portal de la comunicaci\u00f3n social...\",\"breadcrumb\":{\"@id\":\"https:\/\/educar21.com\/inicio\/2016\/03\/22\/dispositivos-moviles-en-el-aula\/#breadcrumb\"},\"inLanguage\":\"es\",\"potentialAction\":[{\"@type\":\"ReadAction\",\"target\":[\"https:\/\/educar21.com\/inicio\/2016\/03\/22\/dispositivos-moviles-en-el-aula\/\"]}]},{\"@type\":\"BreadcrumbList\",\"@id\":\"https:\/\/educar21.com\/inicio\/2016\/03\/22\/dispositivos-moviles-en-el-aula\/#breadcrumb\",\"itemListElement\":[{\"@type\":\"ListItem\",\"position\":1,\"name\":\"Portada\",\"item\":\"https:\/\/educar21.com\/inicio\/\"},{\"@type\":\"ListItem\",\"position\":2,\"name\":\"6 Tips para Coexistir con los Dispositivos M\u00f3viles en el Aula | Infograf\u00eda\"}]},{\"@type\":\"WebSite\",\"@id\":\"https:\/\/educar21.com\/inicio\/#website\",\"url\":\"https:\/\/educar21.com\/inicio\/\",\"name\":\"\",\"description\":\"Transformamos la Educaci\u00f3n\",\"potentialAction\":[{\"@type\":\"SearchAction\",\"target\":{\"@type\":\"EntryPoint\",\"urlTemplate\":\"https:\/\/educar21.com\/inicio\/?s={search_term_string}\"},\"query-input\":{\"@type\":\"PropertyValueSpecification\",\"valueRequired\":true,\"valueName\":\"search_term_string\"}}],\"inLanguage\":\"es\"},{\"@type\":\"Person\",\"@id\":\"https:\/\/educar21.com\/inicio\/#\/schema\/person\/c29b3c1ec7b7e4678c7ae9f12e894c6d\",\"name\":\"Gesvin Romero\",\"image\":{\"@type\":\"ImageObject\",\"inLanguage\":\"es\",\"@id\":\"https:\/\/educar21.com\/inicio\/#\/schema\/person\/image\/\",\"url\":\"https:\/\/secure.gravatar.com\/avatar\/18d8233f18b7fc66b0a747262c12c0cf82a5915d51b9f54e19d920cc89e52f87?s=96&d=mm&r=g\",\"contentUrl\":\"https:\/\/secure.gravatar.com\/avatar\/18d8233f18b7fc66b0a747262c12c0cf82a5915d51b9f54e19d920cc89e52f87?s=96&d=mm&r=g\",\"caption\":\"Gesvin Romero\"},\"url\":\"https:\/\/educar21.com\/inicio\/author\/gesvin\/\"}]}<\/script>\n<!-- \/ Yoast SEO plugin. -->","yoast_head_json":{"title":"6 Tips para Coexistir con los Dispositivos M\u00f3viles en el Aula | Infograf\u00eda -","description":"El gran potencial de los dispositivos m\u00f3viles en el aula es que son actualmente el principal portal de la comunicaci\u00f3n social...","robots":{"index":"index","follow":"follow","max-snippet":"max-snippet:-1","max-image-preview":"max-image-preview:large","max-video-preview":"max-video-preview:-1"},"canonical":"https:\/\/educar21.com\/inicio\/2016\/03\/22\/dispositivos-moviles-en-el-aula\/","og_locale":"es_ES","og_type":"article","og_title":"6 Tips para Coexistir con los Dispositivos M\u00f3viles en el Aula | Infograf\u00eda -","og_description":"El gran potencial de los dispositivos m\u00f3viles en el aula es que son actualmente el principal portal de la comunicaci\u00f3n social...","og_url":"https:\/\/educar21.com\/inicio\/2016\/03\/22\/dispositivos-moviles-en-el-aula\/","article_published_time":"2016-03-22T04:43:38+00:00","article_modified_time":"2019-05-04T12:31:46+00:00","author":"Gesvin Romero","twitter_card":"summary_large_image","twitter_misc":{"Escrito por":"Gesvin Romero","Tiempo de lectura":"1 minuto"},"schema":{"@context":"https:\/\/schema.org","@graph":[{"@type":"WebPage","@id":"https:\/\/educar21.com\/inicio\/2016\/03\/22\/dispositivos-moviles-en-el-aula\/","url":"https:\/\/educar21.com\/inicio\/2016\/03\/22\/dispositivos-moviles-en-el-aula\/","name":"6 Tips para Coexistir con los Dispositivos M\u00f3viles en el Aula | Infograf\u00eda -","isPartOf":{"@id":"https:\/\/educar21.com\/inicio\/#website"},"datePublished":"2016-03-22T04:43:38+00:00","dateModified":"2019-05-04T12:31:46+00:00","author":{"@id":"https:\/\/educar21.com\/inicio\/#\/schema\/person\/c29b3c1ec7b7e4678c7ae9f12e894c6d"},"description":"El gran potencial de los dispositivos m\u00f3viles en el aula es que son actualmente el principal portal de la comunicaci\u00f3n social...","breadcrumb":{"@id":"https:\/\/educar21.com\/inicio\/2016\/03\/22\/dispositivos-moviles-en-el-aula\/#breadcrumb"},"inLanguage":"es","potentialAction":[{"@type":"ReadAction","target":["https:\/\/educar21.com\/inicio\/2016\/03\/22\/dispositivos-moviles-en-el-aula\/"]}]},{"@type":"BreadcrumbList","@id":"https:\/\/educar21.com\/inicio\/2016\/03\/22\/dispositivos-moviles-en-el-aula\/#breadcrumb","itemListElement":[{"@type":"ListItem","position":1,"name":"Portada","item":"https:\/\/educar21.com\/inicio\/"},{"@type":"ListItem","position":2,"name":"6 Tips para Coexistir con los Dispositivos M\u00f3viles en el Aula | Infograf\u00eda"}]},{"@type":"WebSite","@id":"https:\/\/educar21.com\/inicio\/#website","url":"https:\/\/educar21.com\/inicio\/","name":"","description":"Transformamos la Educaci\u00f3n","potentialAction":[{"@type":"SearchAction","target":{"@type":"EntryPoint","urlTemplate":"https:\/\/educar21.com\/inicio\/?s={search_term_string}"},"query-input":{"@type":"PropertyValueSpecification","valueRequired":true,"valueName":"search_term_string"}}],"inLanguage":"es"},{"@type":"Person","@id":"https:\/\/educar21.com\/inicio\/#\/schema\/person\/c29b3c1ec7b7e4678c7ae9f12e894c6d","name":"Gesvin Romero","image":{"@type":"ImageObject","inLanguage":"es","@id":"https:\/\/educar21.com\/inicio\/#\/schema\/person\/image\/","url":"https:\/\/secure.gravatar.com\/avatar\/18d8233f18b7fc66b0a747262c12c0cf82a5915d51b9f54e19d920cc89e52f87?s=96&d=mm&r=g","contentUrl":"https:\/\/secure.gravatar.com\/avatar\/18d8233f18b7fc66b0a747262c12c0cf82a5915d51b9f54e19d920cc89e52f87?s=96&d=mm&r=g","caption":"Gesvin Romero"},"url":"https:\/\/educar21.com\/inicio\/author\/gesvin\/"}]}},"jetpack_featured_media_url":"","jetpack_publicize_connections":[],"jetpack_sharing_enabled":true,"jetpack_shortlink":"https:\/\/wp.me\/p7nnUF-r","jetpack_likes_enabled":true,"_links":{"self":[{"href":"https:\/\/educar21.com\/inicio\/wp-json\/wp\/v2\/posts\/27","targetHints":{"allow":["GET"]}}],"collection":[{"href":"https:\/\/educar21.com\/inicio\/wp-json\/wp\/v2\/posts"}],"about":[{"href":"https:\/\/educar21.com\/inicio\/wp-json\/wp\/v2\/types\/post"}],"author":[{"embeddable":true,"href":"https:\/\/educar21.com\/inicio\/wp-json\/wp\/v2\/users\/1"}],"replies":[{"embeddable":true,"href":"https:\/\/educar21.com\/inicio\/wp-json\/wp\/v2\/comments?post=27"}],"version-history":[{"count":1,"href":"https:\/\/educar21.com\/inicio\/wp-json\/wp\/v2\/posts\/27\/revisions"}],"predecessor-version":[{"id":1903,"href":"https:\/\/educar21.com\/inicio\/wp-json\/wp\/v2\/posts\/27\/revisions\/1903"}],"wp:attachment":[{"href":"https:\/\/educar21.com\/inicio\/wp-json\/wp\/v2\/media?parent=27"}],"wp:term":[{"taxonomy":"category","embeddable":true,"href":"https:\/\/educar21.com\/inicio\/wp-json\/wp\/v2\/categories?post=27"},{"taxonomy":"post_tag","embeddable":true,"href":"https:\/\/educar21.com\/inicio\/wp-json\/wp\/v2\/tags?post=27"}],"curies":[{"name":"wp","href":"https:\/\/api.w.org\/{rel}","templated":true}]}}