{"id":882,"date":"2017-08-03T08:00:53","date_gmt":"2017-08-03T13:00:53","guid":{"rendered":"http:\/\/educar21.com\/inicio\/?p=882"},"modified":"2019-05-04T08:10:21","modified_gmt":"2019-05-04T08:10:21","slug":"aprendizaje-a-lo-largo-de-la-vida","status":"publish","type":"post","link":"https:\/\/educar21.com\/inicio\/2017\/08\/03\/aprendizaje-a-lo-largo-de-la-vida\/","title":{"rendered":"Aprendizaje a lo Largo de la Vida &#8211; 8 Competencias Clave | Infograf\u00eda"},"content":{"rendered":"<p>Hola:<\/p>\n<p>Compartimos una interesante infograf\u00eda sobre \u00ab<strong>Aprendizaje a lo Largo de la Vida &#8211; 8 Competencias Clave<\/strong>\u00bb<\/p>\n<p>Un gran saludo.<\/p>\n<p><img loading=\"lazy\" decoding=\"async\" class=\"aligncenter wp-image-1861 size-full\" src=\"https:\/\/educar21.com\/inicio\/wp-content\/uploads\/2017\/08\/AprendizajeLargoVida8CompetenciasClave-Infograf\u00eda-Educar21-min.png\" alt=\"aprendizaje a lo largo de la vida\" width=\"800\" height=\"7108\" srcset=\"https:\/\/educar21.com\/inicio\/wp-content\/uploads\/2017\/08\/AprendizajeLargoVida8CompetenciasClave-Infograf\u00eda-Educar21-min.png 800w, https:\/\/educar21.com\/inicio\/wp-content\/uploads\/2017\/08\/AprendizajeLargoVida8CompetenciasClave-Infograf\u00eda-Educar21-min-768x6824.png 768w\" sizes=\"auto, (max-width: 800px) 100vw, 800px\" \/><\/p>\n<h4 style=\"text-align: center;\">DESCUBRE COMO PONER EN PR\u00c1CTICA EL APRENDIZAJE A LO LARGO DE LA VIDA CON ESTOS INCRE\u00cdBLES MATERIALES<\/h4>\n<h5 style=\"text-align: center;\"><a href=\"https:\/\/cuadrante21.educar21.com\/wp\/producto\/hoja-electronica-para-crear-objetivos-de-aprendizaje\/\" target=\"_blank\" rel=\"noopener noreferrer\">HOJA ELECTR\u00d3NICA PARA CREAR OBJETIVOS DE APRENDIZAJE<\/a><\/h5>\n<h5 style=\"text-align: center;\"><a href=\"https:\/\/cuadrante21.educar21.com\/wp\/producto\/kit-para-formular-competencias-imprimibles\/\" target=\"_blank\" rel=\"noopener noreferrer\">KIT PARA FORMULAR COMPETENCIAS<\/a><\/h5>\n<h5 style=\"text-align: center;\"><a href=\"https:\/\/cuadrante21.educar21.com\/wp\/producto\/actividades-mejorar-pensamiento-critico-creativo\/\" target=\"_blank\" rel=\"noopener noreferrer\">12 DIVERTIDAS ACTIVIDADES PARA MEJORAR EL PENSAMIENTO CR\u00cdTICO Y CREATIVO<\/a><\/h5>\n<p><strong>Apuntes sobre el tema:<\/strong><\/p>\n<p style=\"text-align: justify;\">La misi\u00f3n que la educaci\u00f3n del siglo XXI tiene por delante est\u00e1 enfocado en educar al hombre a lo largo de toda su vida y prepararle para vivir como ciudadano, como profesional y primordialmente como protagonista irremplazable de su propio desarrollo y el de su entorno. Haciendo un poco de historia, fueron dos los informes trascendentales de la UNESCO sobre el aprendizaje a lo largo de toda la vida (<a href=\"http:\/\/unesdoc.unesco.org\/images\/0013\/001329\/132984s.pdf\" target=\"_blank\" rel=\"noopener noreferrer\">Aprender a ser<\/a>, el Informe Faure, 1972; y\u00a0<a href=\"http:\/\/www.unesco.org\/education\/pdf\/DELORS_S.PDF\" target=\"_blank\" rel=\"noopener noreferrer\">La educaci\u00f3n encierra un tesoro<\/a>, el Informe Delors, 1996) los que articularon los principios fundamentales del aprendizaje a lo largo de toda la vida. Y \u00faltimamente, el <a href=\"http:\/\/www.unesco.org\/fileadmin\/MULTIMEDIA\/INSTITUTES\/UIL\/confintea\/pdf\/working_documents\/Belem%20Framework_Final_es.pdf\" target=\"_blank\" rel=\"noopener noreferrer\">Marco de Acci\u00f3n de Bel\u00e9m<\/a>\u00a0ratifica el papel que desempe\u00f1a este aprendizaje en el tratamiento de los problemas educativos mundiales y en los desaf\u00edos vinculados al desarrollo.<\/p>\n<p style=\"text-align: justify;\">El adelanto cient\u00edfico y tecnol\u00f3gico as\u00ed como la re-imaginaci\u00f3n de los procesos productivos en b\u00fasqueda de una mayor competitividad, han determinado que los conocimientos de cada individuo adquiridos durante la formaci\u00f3n inicial, experimenten una vertiginosa obsolescencia acentuada por la necesidad de una capacitaci\u00f3n profesional permanente. En el caso de los profesores esto no es la excepci\u00f3n, toda vez que los formadores de sujetos que habr\u00e1n de enfrentar estos adelantos son precisamente los sujetos-docentes.<\/p>\n<p style=\"text-align: justify;\">En el primer mundo, la educaci\u00f3n a lo largo de la vida responde en gran parte a un escenario de orden econ\u00f3mico que obliga al sector productivo a buscar permanentemente aquel talento humano poseedor de las mejores aptitudes y capacidades, necesarias para mantener y darle \u00a0sostenibilidad a su competitividad global. Por ello, los esfuerzos destinados a fortalecer paradigmas relacionados con la mejora permanente del talento est\u00e1n por lo general acompa\u00f1ados del apalancamiento necesario para su despliegue y validaci\u00f3n.<\/p>\n<p style=\"text-align: justify;\">En Latinoam\u00e9rica por otro lado los factores econ\u00f3micos, tecnol\u00f3gicos, operativos, legales y socio culturales son radicalmente diferentes principalmente porque el aprendizaje a lo largo de la vida exige para su implementaci\u00f3n un conjunto de esfuerzos que hoy la educaci\u00f3n tradicional no tiene pero necesita, en gran medida porque el aprendizaje a lo largo de la vida no se organiza a partir de una determinada edad, espacio o tiempo; sino que puede suceder en cualquiera de ellos. En ese sentido, solo la referenciaci\u00f3n y la adaptaci\u00f3n de estrategias asociadas con este paradigma, vienen siendo lo m\u00e1s, que la pr\u00e1ctica permite avizorar como lineamiento del m\u00e1s alto nivel en estas latitudes, sin que ello signifique que no sea posible implementar desde las aulas actividades orientadas a propiciar el aprendizaje a lo largo de la vida.<\/p>\n<p style=\"text-align: justify;\">Para concluir, podemos decir que el aprendizaje a lo largo de la vida as\u00ed como cualquier otra iniciativa que tenga como finalidad la mejora permanente del ser humano deber\u00eda ser un sendero permanente y de alta relevancia de toda pol\u00edtica p\u00fablica en materia de educaci\u00f3n, toda vez que el logro de una sociedad competente es la clave para el desarrollo sostenible de cualquier pa\u00eds.<\/p>\n<p><strong>Fuentes y referencias:<\/strong><\/p>\n<ul>\n<li>OECD, <a href=\"http:\/\/www.oecd.org\/\" target=\"_blank\" rel=\"noopener noreferrer\">www.oecd.org\/<\/a>.<\/li>\n<li>\u201cEl Aprendizaje a Lo Largo De Toda La Vida.\u201d El Aprendizaje a Lo Largo De Toda La Vida | World Education Forum 2015, UNESCO, <a href=\"http:\/\/es.unesco.org\/world-education-forum-2015\/5-key-themes\/el-aprendizaje-lo-largo-de-toda-la-vida\" target=\"_blank\" rel=\"noopener noreferrer\">http:\/\/es.unesco.org\/world-education-forum-2015\/5-key-themes\/el-aprendizaje-lo-largo-de-toda-la-vida<\/a><\/li>\n<li>\u201cAprendizaje a Lo Largo De La Vida.\u201d <em>Euskadi.eus<\/em>, 2001, pp. 1\u2013103., <a href=\"http:\/\/www.euskadi.eus\/contenidos\/documentacion\/o_11tef3\/es_11tef3\/adjuntos\/11tef3_es.pdf\" target=\"_blank\" rel=\"noopener noreferrer\">www.euskadi.eus\/contenidos\/documentacion\/o_11tef3\/es_11tef3\/adjuntos\/11tef3_es.pdf<\/a><\/li>\n<\/ul>\n<p><strong>Te recomendamos leer tambi\u00e9n:<\/strong><\/p>\n<ol>\n<li><a href=\"https:\/\/gesvin.wordpress.com\/2015\/03\/23\/los-4-pilares-de-la-educacion-propuestos-por-la-unesco\/\" target=\"_blank\" rel=\"noopener noreferrer\">Los 4 Pilares de la Educaci\u00f3n Propuestos por la UNESCO<\/a><\/li>\n<li><a href=\"https:\/\/gesvin.wordpress.com\/2015\/05\/01\/como-aprenden-los-ninos-unesco-ebook\/\" target=\"_blank\" rel=\"noopener noreferrer\">Como Aprenden los Ni\u00f1os \u2013 UNESCO<\/a><\/li>\n<li><a href=\"https:\/\/gesvin.wordpress.com\/2015\/03\/01\/como-transformar-la-educacion-10-claves-de-richard-gerver-infografia\/\" target=\"_blank\" rel=\"noopener noreferrer\">10 Claves para Transformar la Educaci\u00f3n<\/a><\/li>\n<li><a href=\"https:\/\/gesvin.wordpress.com\/2015\/02\/18\/habilidades-y-competencias-educativas-del-siglo-xxi-infografia\/\" target=\"_blank\" rel=\"noopener noreferrer\">Habilidades y Competencias Educativas del Siglo XXI<\/a><\/li>\n<li><a href=\"https:\/\/gesvin.wordpress.com\/2015\/03\/18\/como-aprende-nuestro-cerebro-descubrelo-con-2-videos-super-didacticos-video\/\" target=\"_blank\" rel=\"noopener noreferrer\">\u00bfC\u00f3mo Aprende nuestro Cerebro? \u2013 Desc\u00fabrelo con 2 Videos S\u00faper Did\u00e1cticos<\/a><\/li>\n<\/ol>\n<p><strong>Aproveche las mejores OFERTAS en materiales educativos<\/strong><\/p>\n<ol>\n<li><a href=\"https:\/\/cuadrante21.educar21.com\/wp\/producto\/kit-para-formular-preguntas-generadoras\/\" target=\"_blank\" rel=\"noopener noreferrer\">Kit para Formular Preguntas Generadoras <\/a><span style=\"color: #ff0000;\"><strong><em>(Nuevo)<\/em><\/strong><\/span><\/li>\n<li><a href=\"https:\/\/cuadrante21.educar21.com\/wp\/producto\/hoja-electronica-para-crear-objetivos-de-aprendizaje\/\" target=\"_blank\" rel=\"noopener noreferrer\">Hoja Electr\u00f3nica para Crear Objetivos de Aprendizaje<\/a><\/li>\n<li><a href=\"https:\/\/cuadrante21.educar21.com\/wp\/producto\/kit-para-redactar-objetivos-de-aprendizaje\/\" target=\"_blank\" rel=\"noopener noreferrer\">Kit para Redactar Objetivos de Aprendizaje<\/a><\/li>\n<li><a href=\"https:\/\/cuadrante21.educar21.com\/wp\/producto\/kit-para-formular-competencias-imprimibles\/\" target=\"_blank\" rel=\"noopener noreferrer\">Kit para Formular Competencias<\/a><\/li>\n<li><a href=\"https:\/\/cuadrante21.educar21.com\/wp\/producto\/kit-desarrollar-los-elementos-del-pensamiento-critico\/\" target=\"_blank\" rel=\"noopener noreferrer\">Kit para Desarrollar el Pensamiento Cr\u00edtico<\/a><\/li>\n<li><a href=\"https:\/\/cuadrante21.educar21.com\/wp\/producto\/trucos-para-lograr-la-atencion-de-los-alumnos\/\" target=\"_blank\" rel=\"noopener noreferrer\">13 Efectivos Trucos para Lograr la Atenci\u00f3n de los Alumnos<\/a><\/li>\n<\/ol>\n<p><strong>M\u00e1s materiales:<\/strong> <a href=\"https:\/\/cuadrante21.educar21.com\/wp\/tienda\/\" target=\"_blank\" rel=\"noopener noreferrer\">AQU\u00cd<\/a><\/p>\n<p><span style=\"border-radius: 2px; text-indent: 20px; width: auto; padding: 0px 4px 0px 0px; text-align: center; font: bold 11px\/20px 'Helvetica Neue',Helvetica,sans-serif; color: #ffffff; background: #bd081c no-repeat scroll 3px 50% \/ 14px 14px; position: absolute; opacity: 1; z-index: 8675309; display: none; cursor: pointer;\">Guardar<\/span><\/p>\n<p><span style=\"border-radius: 2px; text-indent: 20px; width: auto; padding: 0px 4px 0px 0px; text-align: center; font: bold 11px\/20px 'Helvetica Neue',Helvetica,sans-serif; color: #ffffff; background: #bd081c  no-repeat scroll 3px 50% \/ 14px 14px; position: absolute; opacity: 1; z-index: 8675309; display: none; cursor: pointer;\">Guardar<\/span><\/p>\n","protected":false},"excerpt":{"rendered":"<p>Hola: Compartimos una interesante infograf\u00eda sobre \u00abAprendizaje a lo Largo de la Vida &#8211; 8 Competencias Clave\u00bb Un gran saludo. DESCUBRE COMO PONER EN PR\u00c1CTICA EL APRENDIZAJE A LO LARGO DE LA VIDA CON ESTOS INCRE\u00cdBLES MATERIALES HOJA ELECTR\u00d3NICA PARA CREAR OBJETIVOS DE APRENDIZAJE KIT PARA FORMULAR COMPETENCIAS 12 DIVERTIDAS [&hellip;]<\/p>\n","protected":false},"author":1,"featured_media":0,"comment_status":"open","ping_status":"open","sticky":false,"template":"","format":"standard","meta":{"_themeisle_gutenberg_block_has_review":false,"spay_email":"","footnotes":"","jetpack_publicize_message":"","jetpack_is_tweetstorm":false,"jetpack_publicize_feature_enabled":true},"categories":[24],"tags":[103,49,113,114,115,116,117,118,119,120,121,122,123,124,32,33,125,6,126,35,36,13,26,27,53,127,8,14,128,15,16,129,130,18,131,37,132],"class_list":["post-882","post","type-post","status-publish","format-standard","hentry","category-desafios-educativos-del-siglo-xxi","tag-actividades-para-el-aula","tag-actividades-para-mejorar-el-pensamiento-critico","tag-aprender-a-ser","tag-aprendizaje-a-lo-largo-de-la-vida","tag-competencia-cultural-y-artistica","tag-competencia-digital","tag-competencia-en-comunicacion-linguistica","tag-competencia-en-el-conocimiento-del-mundo-fisico","tag-competencia-matematica","tag-competencia-para-aprender-a-aprender","tag-competencia-para-la-iniciativa-personal","tag-competencia-social-y-ciudadana","tag-competencias-clave","tag-competencias-clave-para-el-aprendizaje","tag-competencias-educativas","tag-competencias-educativas-del-siglo-xxi","tag-comunicacion-linguistica","tag-conocimiento","tag-conocimiento-de-mundo-fisico","tag-creatividad","tag-desafios-educativos","tag-desafios-educativos-del-siglo-xxi","tag-educacion","tag-educacion-del-siglo-xxi","tag-educar21","tag-formular-competencias","tag-fundamentos-importantes","tag-hablidades","tag-informe-delors","tag-innovacion-educativa","tag-kit-para-redactar-objetivos-de-aprendizaje","tag-la-educacion-encierra-un-tesoro","tag-marco-de-accion-de-belem","tag-objetivos-de-aprendizaje","tag-ocde","tag-pensamiento-critico","tag-unesco"],"yoast_head":"<!-- This site is optimized with the Yoast SEO plugin v23.5 - https:\/\/yoast.com\/wordpress\/plugins\/seo\/ -->\n<title>Aprendizaje a lo Largo de la Vida - 8 Competencias Clave | Infograf\u00eda -<\/title>\n<meta name=\"description\" content=\"El aprendizaje a lo largo de la vida no se organiza a partir de una determinada edad, espacio o tiempo; sino que puede suceder en cualquiera de ellos.\" \/>\n<meta name=\"robots\" content=\"index, follow, max-snippet:-1, max-image-preview:large, max-video-preview:-1\" \/>\n<link rel=\"canonical\" href=\"https:\/\/educar21.com\/inicio\/2017\/08\/03\/aprendizaje-a-lo-largo-de-la-vida\/\" \/>\n<meta property=\"og:locale\" content=\"es_ES\" \/>\n<meta property=\"og:type\" content=\"article\" \/>\n<meta property=\"og:title\" content=\"Aprendizaje a lo Largo de la Vida - 8 Competencias Clave | Infograf\u00eda -\" \/>\n<meta property=\"og:description\" content=\"El aprendizaje a lo largo de la vida no se organiza a partir de una determinada edad, espacio o tiempo; sino que puede suceder en cualquiera de ellos.\" \/>\n<meta property=\"og:url\" content=\"https:\/\/educar21.com\/inicio\/2017\/08\/03\/aprendizaje-a-lo-largo-de-la-vida\/\" \/>\n<meta property=\"article:published_time\" content=\"2017-08-03T13:00:53+00:00\" \/>\n<meta property=\"article:modified_time\" content=\"2019-05-04T08:10:21+00:00\" \/>\n<meta name=\"author\" content=\"Gesvin Romero\" \/>\n<meta name=\"twitter:card\" content=\"summary_large_image\" \/>\n<meta name=\"twitter:label1\" content=\"Escrito por\" \/>\n\t<meta name=\"twitter:data1\" content=\"Gesvin Romero\" \/>\n\t<meta name=\"twitter:label2\" content=\"Tiempo de lectura\" \/>\n\t<meta name=\"twitter:data2\" content=\"4 minutos\" \/>\n<script type=\"application\/ld+json\" class=\"yoast-schema-graph\">{\"@context\":\"https:\/\/schema.org\",\"@graph\":[{\"@type\":\"WebPage\",\"@id\":\"https:\/\/educar21.com\/inicio\/2017\/08\/03\/aprendizaje-a-lo-largo-de-la-vida\/\",\"url\":\"https:\/\/educar21.com\/inicio\/2017\/08\/03\/aprendizaje-a-lo-largo-de-la-vida\/\",\"name\":\"Aprendizaje a lo Largo de la Vida - 8 Competencias Clave | Infograf\u00eda -\",\"isPartOf\":{\"@id\":\"https:\/\/educar21.com\/inicio\/#website\"},\"datePublished\":\"2017-08-03T13:00:53+00:00\",\"dateModified\":\"2019-05-04T08:10:21+00:00\",\"author\":{\"@id\":\"https:\/\/educar21.com\/inicio\/#\/schema\/person\/c29b3c1ec7b7e4678c7ae9f12e894c6d\"},\"description\":\"El aprendizaje a lo largo de la vida no se organiza a partir de una determinada edad, espacio o tiempo; sino que puede suceder en cualquiera de ellos.\",\"breadcrumb\":{\"@id\":\"https:\/\/educar21.com\/inicio\/2017\/08\/03\/aprendizaje-a-lo-largo-de-la-vida\/#breadcrumb\"},\"inLanguage\":\"es\",\"potentialAction\":[{\"@type\":\"ReadAction\",\"target\":[\"https:\/\/educar21.com\/inicio\/2017\/08\/03\/aprendizaje-a-lo-largo-de-la-vida\/\"]}]},{\"@type\":\"BreadcrumbList\",\"@id\":\"https:\/\/educar21.com\/inicio\/2017\/08\/03\/aprendizaje-a-lo-largo-de-la-vida\/#breadcrumb\",\"itemListElement\":[{\"@type\":\"ListItem\",\"position\":1,\"name\":\"Portada\",\"item\":\"https:\/\/educar21.com\/inicio\/\"},{\"@type\":\"ListItem\",\"position\":2,\"name\":\"Aprendizaje a lo Largo de la Vida &#8211; 8 Competencias Clave | Infograf\u00eda\"}]},{\"@type\":\"WebSite\",\"@id\":\"https:\/\/educar21.com\/inicio\/#website\",\"url\":\"https:\/\/educar21.com\/inicio\/\",\"name\":\"\",\"description\":\"Transformamos la Educaci\u00f3n\",\"potentialAction\":[{\"@type\":\"SearchAction\",\"target\":{\"@type\":\"EntryPoint\",\"urlTemplate\":\"https:\/\/educar21.com\/inicio\/?s={search_term_string}\"},\"query-input\":{\"@type\":\"PropertyValueSpecification\",\"valueRequired\":true,\"valueName\":\"search_term_string\"}}],\"inLanguage\":\"es\"},{\"@type\":\"Person\",\"@id\":\"https:\/\/educar21.com\/inicio\/#\/schema\/person\/c29b3c1ec7b7e4678c7ae9f12e894c6d\",\"name\":\"Gesvin Romero\",\"image\":{\"@type\":\"ImageObject\",\"inLanguage\":\"es\",\"@id\":\"https:\/\/educar21.com\/inicio\/#\/schema\/person\/image\/\",\"url\":\"https:\/\/secure.gravatar.com\/avatar\/18d8233f18b7fc66b0a747262c12c0cf82a5915d51b9f54e19d920cc89e52f87?s=96&d=mm&r=g\",\"contentUrl\":\"https:\/\/secure.gravatar.com\/avatar\/18d8233f18b7fc66b0a747262c12c0cf82a5915d51b9f54e19d920cc89e52f87?s=96&d=mm&r=g\",\"caption\":\"Gesvin Romero\"},\"url\":\"https:\/\/educar21.com\/inicio\/author\/gesvin\/\"}]}<\/script>\n<!-- \/ Yoast SEO plugin. -->","yoast_head_json":{"title":"Aprendizaje a lo Largo de la Vida - 8 Competencias Clave | Infograf\u00eda -","description":"El aprendizaje a lo largo de la vida no se organiza a partir de una determinada edad, espacio o tiempo; sino que puede suceder en cualquiera de ellos.","robots":{"index":"index","follow":"follow","max-snippet":"max-snippet:-1","max-image-preview":"max-image-preview:large","max-video-preview":"max-video-preview:-1"},"canonical":"https:\/\/educar21.com\/inicio\/2017\/08\/03\/aprendizaje-a-lo-largo-de-la-vida\/","og_locale":"es_ES","og_type":"article","og_title":"Aprendizaje a lo Largo de la Vida - 8 Competencias Clave | Infograf\u00eda -","og_description":"El aprendizaje a lo largo de la vida no se organiza a partir de una determinada edad, espacio o tiempo; sino que puede suceder en cualquiera de ellos.","og_url":"https:\/\/educar21.com\/inicio\/2017\/08\/03\/aprendizaje-a-lo-largo-de-la-vida\/","article_published_time":"2017-08-03T13:00:53+00:00","article_modified_time":"2019-05-04T08:10:21+00:00","author":"Gesvin Romero","twitter_card":"summary_large_image","twitter_misc":{"Escrito por":"Gesvin Romero","Tiempo de lectura":"4 minutos"},"schema":{"@context":"https:\/\/schema.org","@graph":[{"@type":"WebPage","@id":"https:\/\/educar21.com\/inicio\/2017\/08\/03\/aprendizaje-a-lo-largo-de-la-vida\/","url":"https:\/\/educar21.com\/inicio\/2017\/08\/03\/aprendizaje-a-lo-largo-de-la-vida\/","name":"Aprendizaje a lo Largo de la Vida - 8 Competencias Clave | Infograf\u00eda -","isPartOf":{"@id":"https:\/\/educar21.com\/inicio\/#website"},"datePublished":"2017-08-03T13:00:53+00:00","dateModified":"2019-05-04T08:10:21+00:00","author":{"@id":"https:\/\/educar21.com\/inicio\/#\/schema\/person\/c29b3c1ec7b7e4678c7ae9f12e894c6d"},"description":"El aprendizaje a lo largo de la vida no se organiza a partir de una determinada edad, espacio o tiempo; sino que puede suceder en cualquiera de ellos.","breadcrumb":{"@id":"https:\/\/educar21.com\/inicio\/2017\/08\/03\/aprendizaje-a-lo-largo-de-la-vida\/#breadcrumb"},"inLanguage":"es","potentialAction":[{"@type":"ReadAction","target":["https:\/\/educar21.com\/inicio\/2017\/08\/03\/aprendizaje-a-lo-largo-de-la-vida\/"]}]},{"@type":"BreadcrumbList","@id":"https:\/\/educar21.com\/inicio\/2017\/08\/03\/aprendizaje-a-lo-largo-de-la-vida\/#breadcrumb","itemListElement":[{"@type":"ListItem","position":1,"name":"Portada","item":"https:\/\/educar21.com\/inicio\/"},{"@type":"ListItem","position":2,"name":"Aprendizaje a lo Largo de la Vida &#8211; 8 Competencias Clave | Infograf\u00eda"}]},{"@type":"WebSite","@id":"https:\/\/educar21.com\/inicio\/#website","url":"https:\/\/educar21.com\/inicio\/","name":"","description":"Transformamos la Educaci\u00f3n","potentialAction":[{"@type":"SearchAction","target":{"@type":"EntryPoint","urlTemplate":"https:\/\/educar21.com\/inicio\/?s={search_term_string}"},"query-input":{"@type":"PropertyValueSpecification","valueRequired":true,"valueName":"search_term_string"}}],"inLanguage":"es"},{"@type":"Person","@id":"https:\/\/educar21.com\/inicio\/#\/schema\/person\/c29b3c1ec7b7e4678c7ae9f12e894c6d","name":"Gesvin Romero","image":{"@type":"ImageObject","inLanguage":"es","@id":"https:\/\/educar21.com\/inicio\/#\/schema\/person\/image\/","url":"https:\/\/secure.gravatar.com\/avatar\/18d8233f18b7fc66b0a747262c12c0cf82a5915d51b9f54e19d920cc89e52f87?s=96&d=mm&r=g","contentUrl":"https:\/\/secure.gravatar.com\/avatar\/18d8233f18b7fc66b0a747262c12c0cf82a5915d51b9f54e19d920cc89e52f87?s=96&d=mm&r=g","caption":"Gesvin Romero"},"url":"https:\/\/educar21.com\/inicio\/author\/gesvin\/"}]}},"jetpack_featured_media_url":"","jetpack_publicize_connections":[],"jetpack_sharing_enabled":true,"jetpack_shortlink":"https:\/\/wp.me\/p7nnUF-ee","jetpack_likes_enabled":true,"_links":{"self":[{"href":"https:\/\/educar21.com\/inicio\/wp-json\/wp\/v2\/posts\/882","targetHints":{"allow":["GET"]}}],"collection":[{"href":"https:\/\/educar21.com\/inicio\/wp-json\/wp\/v2\/posts"}],"about":[{"href":"https:\/\/educar21.com\/inicio\/wp-json\/wp\/v2\/types\/post"}],"author":[{"embeddable":true,"href":"https:\/\/educar21.com\/inicio\/wp-json\/wp\/v2\/users\/1"}],"replies":[{"embeddable":true,"href":"https:\/\/educar21.com\/inicio\/wp-json\/wp\/v2\/comments?post=882"}],"version-history":[{"count":1,"href":"https:\/\/educar21.com\/inicio\/wp-json\/wp\/v2\/posts\/882\/revisions"}],"predecessor-version":[{"id":1862,"href":"https:\/\/educar21.com\/inicio\/wp-json\/wp\/v2\/posts\/882\/revisions\/1862"}],"wp:attachment":[{"href":"https:\/\/educar21.com\/inicio\/wp-json\/wp\/v2\/media?parent=882"}],"wp:term":[{"taxonomy":"category","embeddable":true,"href":"https:\/\/educar21.com\/inicio\/wp-json\/wp\/v2\/categories?post=882"},{"taxonomy":"post_tag","embeddable":true,"href":"https:\/\/educar21.com\/inicio\/wp-json\/wp\/v2\/tags?post=882"}],"curies":[{"name":"wp","href":"https:\/\/api.w.org\/{rel}","templated":true}]}}